{"id":14822,"date":"2015-07-31T10:48:01","date_gmt":"2015-07-31T15:48:01","guid":{"rendered":"http:\/\/www.turistamagazine.com\/v2\/?p=14822"},"modified":"2015-07-31T10:48:01","modified_gmt":"2015-07-31T15:48:01","slug":"publico-podra-apreciar-desfile-aereo-y-naval-este-domingo-en-la-costa-verde","status":"publish","type":"post","link":"https:\/\/www.turistamagazine.com\/v2\/?p=14822","title":{"rendered":"P\u00daBLICO PODR\u00c1 APRECIAR DESFILE A\u00c9REO Y NAVAL ESTE DOMINGO EN LA COSTA VERDE"},"content":{"rendered":"<p style=\"text-align: justify;\">Lima, jul. 31. Un singular desfile a\u00e9reo y naval que podr\u00e1 ser apreciado por el p\u00fablico desde distintos puntos de la Costa Verde ofrecer\u00e1 este domingo las Fuerzas Armadas con motivo del 194 aniversario de la independencia nacional.<\/p>\n<p style=\"text-align: justify;\">El espect\u00e1culo movilizar\u00e1 unidades del Ej\u00e9rcito (helic\u00f3pteros MI-17, Augusta Bell y las aeronaves B-150, B-1900), mientras que la Fuerza A\u00e9rea se har\u00e1 presente con las aeronaves Caza MIG-29, Mirage 2000, aeronaves de instrucci\u00f3n Tucano, A-37 y KT-1, aeronaves de transporte Boing, H\u00e9rcules, Spartan y Antonov y el Twin Otter.<\/p>\n<p style=\"text-align: justify;\">En tanto, la Marina de Guerra exhibir\u00e1 sus fragatas misileras, corbetas misileras, submarinos, la patrullera oce\u00e1nica B.A.P. \u201cGuardiamarina San Mart\u00edn\u201d, el buque log\u00edstico B.A.P. \u201cTacna\u201d y patrulleras mar\u00edtimas, helic\u00f3pteros Enstrom, MI-8, Seaking y aeronaves, Fokker F50, Fokker F60, Antonov y B200.<\/p>\n<p style=\"text-align: justify;\">Las unidades militares tambi\u00e9n har\u00e1n exposiciones est\u00e1ticas de armamentos y uniformes, las cuales estar\u00e1n amenizadas por la Banda de M\u00fasicos de las Fuerzas Armadas.<\/p>\n<p style=\"text-align: justify;\">El desfile a\u00e9reo y naval tendr\u00e1 lugar a las 11:00 horas y el p\u00fablico podr\u00e1 observarlo desde la Bah\u00eda de Chorrillos con direcci\u00f3n a San Miguel. Asimismo, desde los malecones y playas en diferentes distritos aleda\u00f1os al mar, como: San Miguel, San Isidro, Miraflores, Barranco y Chorrillos.<\/p>\n","protected":false},"excerpt":{"rendered":"<p>Lima, jul. 31. Un singular desfile a\u00e9reo y naval que podr\u00e1 ser apreciado por el p\u00fablico desde distintos puntos de la Costa Verde ofrecer\u00e1 este domingo las Fuerzas Armadas con motivo del 194 aniversario de la independencia nacional. El espect\u00e1culo movilizar\u00e1 unidades del Ej\u00e9rcito (helic\u00f3pteros MI-17, Augusta Bell y las aeronaves B-150, B-1900), mientras que la Fuerza A\u00e9rea se har\u00e1 presente con las aeronaves Caza MIG-29, Mirage 2000, aeronaves de instrucci\u00f3n Tucano, A-37 y KT-1, aeronaves de transporte Boing, H\u00e9rcules, Spartan y Antonov y el Twin Otter. En tanto, la Marina de Guerra exhibir\u00e1 sus fragatas misileras, corbetas misileras, submarinos,&#8230;<\/p>\n","protected":false},"author":1,"featured_media":0,"comment_status":"open","ping_status":"open","sticky":false,"template":"","format":"standard","meta":{"footnotes":""},"categories":[4,82],"tags":[2330,4809,321,4810,340,749],"class_list":["post-14822","post","type-post","status-publish","format-standard","hentry","category-breaking-news","category-nacionales","tag-fiestas-patrias","tag-fuerzas-armadas","tag-lima","tag-marina-de-guerra","tag-peru","tag-turistamagazine"],"_links":{"self":[{"href":"https:\/\/www.turistamagazine.com\/v2\/index.php?rest_route=\/wp\/v2\/posts\/14822","targetHints":{"allow":["GET"]}}],"collection":[{"href":"https:\/\/www.turistamagazine.com\/v2\/index.php?rest_route=\/wp\/v2\/posts"}],"about":[{"href":"https:\/\/www.turistamagazine.com\/v2\/index.php?rest_route=\/wp\/v2\/types\/post"}],"author":[{"embeddable":true,"href":"https:\/\/www.turistamagazine.com\/v2\/index.php?rest_route=\/wp\/v2\/users\/1"}],"replies":[{"embeddable":true,"href":"https:\/\/www.turistamagazine.com\/v2\/index.php?rest_route=%2Fwp%2Fv2%2Fcomments&post=14822"}],"version-history":[{"count":2,"href":"https:\/\/www.turistamagazine.com\/v2\/index.php?rest_route=\/wp\/v2\/posts\/14822\/revisions"}],"predecessor-version":[{"id":14825,"href":"https:\/\/www.turistamagazine.com\/v2\/index.php?rest_route=\/wp\/v2\/posts\/14822\/revisions\/14825"}],"wp:attachment":[{"href":"https:\/\/www.turistamagazine.com\/v2\/index.php?rest_route=%2Fwp%2Fv2%2Fmedia&parent=14822"}],"wp:term":[{"taxonomy":"category","embeddable":true,"href":"https:\/\/www.turistamagazine.com\/v2\/index.php?rest_route=%2Fwp%2Fv2%2Fcategories&post=14822"},{"taxonomy":"post_tag","embeddable":true,"href":"https:\/\/www.turistamagazine.com\/v2\/index.php?rest_route=%2Fwp%2Fv2%2Ftags&post=14822"}],"curies":[{"name":"wp","href":"https:\/\/api.w.org\/{rel}","templated":true}]}}