{"id":1475,"date":"2014-02-09T08:45:46","date_gmt":"2014-02-09T13:45:46","guid":{"rendered":"http:\/\/www.turistamagazine.com\/v2\/?p=1475"},"modified":"2014-02-09T08:45:46","modified_gmt":"2014-02-09T13:45:46","slug":"peruvolcan-ubinas-incremento-la-emision-de-gases-y-actividad-sismica","status":"publish","type":"post","link":"https:\/\/www.turistamagazine.com\/v2\/?p=1475","title":{"rendered":"PERU:VOLC\u00c1N UBINAS INCREMENT\u00d3 LA EMISI\u00d3N DE GASES Y ACTIVIDAD S\u00cdSMICA"},"content":{"rendered":"<p style=\"text-align: justify;\">Arequipa: El volc\u00e1n Ubinas, en Moquegua registra un importante incremento de emisi\u00f3n de gases SO2 (di\u00f3xido de azufre) que supera a lo que se registr\u00f3 el a\u00f1o pasado cuando se present\u00f3 una explosi\u00f3n en el volc\u00e1n, inform\u00f3 hoy el Observatorio Vulcanol\u00f3gico del Ingemmet (OVI).<\/p>\n<p style=\"text-align: justify;\">\u00a0La entidad indic\u00f3 tambi\u00e9n que se ha incrementado la actividad s\u00edsmica en el Ubinas, el mismo que presenta adem\u00e1s una deformaci\u00f3n aparente en el flanco sur del volc\u00e1n lo que es materia de an\u00e1lisis.<\/p>\n<p style=\"text-align: justify;\">\u00a0El coordinador del OVI, Jersy Mari\u00f1o, refiri\u00f3 que la informaci\u00f3n fue recogida en tiempo real a trav\u00e9s de los equipos de \u00faltima generaci\u00f3n con los que cuentan los especialistas.<\/p>\n<p style=\"text-align: justify;\">\u00a0Mari\u00f1o indic\u00f3 que ayer se realizaron mediciones de flujo del gas SO2 con el espectr\u00f3metro MiniDOAS en el volc\u00e1n Ubinas que arroj\u00f3 un promedio de emisiones de 500 Tn\/d\u00eda de SO2.<\/p>\n<p style=\"text-align: justify;\">\u00a0El especialista dijo que por lo descrito se descarta que solo se trate de un proceso fre\u00e1tico dado que los valores de emisi\u00f3n de gases de di\u00f3xido de azufre confirma la influencia magm\u00e1tica en este proceso volc\u00e1nico. Respecto al incremento de la actividad s\u00edsmica dijo que se presentan peque\u00f1os temblores s\u00edsmicos de manera recurrente, por lo cual el volc\u00e1n Ubinas continuar\u00eda su proceso de desgasificaci\u00f3n y abastecimiento de su sistema hidrotermal.<\/p>\n<p style=\"text-align: justify;\">\u00a0Otro monitoreo que realiza el OVI en el volc\u00e1n Ubinas es el de deformaci\u00f3n cuyo registro de lecturas de los d\u00edas 6 y 7 de febrero mostraron curvas lo que permite concluir que hay deformaci\u00f3n aparente en el flanco sur del volc\u00e1n. Sin embargo, Jersy Mari\u00f1o dijo que se requiere intensificar las mediciones para confirmar esta tendencia por este m\u00e9todo en los siguientes d\u00edas. Desde el 31 de enero el volc\u00e1n Ubinas muestra la emisi\u00f3n de gases y actividad s\u00edsmica.<\/p>\n<p style=\"text-align: justify;\">\u00a0La entidad recomend\u00f3 tambi\u00e9n a las autoridades regionales y locales estar alertas ante cualquier cambio de la actividad del volc\u00e1n Ubinas, ubicado en el departamento de Moquegua. F\/F\/Andina<\/p>\n","protected":false},"excerpt":{"rendered":"<p>Arequipa: El volc\u00e1n Ubinas, en Moquegua registra un importante incremento de emisi\u00f3n de gases SO2 (di\u00f3xido de azufre) que supera a lo que se registr\u00f3 el a\u00f1o pasado cuando se present\u00f3 una explosi\u00f3n en el volc\u00e1n, inform\u00f3 hoy el Observatorio Vulcanol\u00f3gico del Ingemmet (OVI). \u00a0La entidad indic\u00f3 tambi\u00e9n que se ha incrementado la actividad s\u00edsmica en el Ubinas, el mismo que presenta adem\u00e1s una deformaci\u00f3n aparente en el flanco sur del volc\u00e1n lo que es materia de an\u00e1lisis. \u00a0El coordinador del OVI, Jersy Mari\u00f1o, refiri\u00f3 que la informaci\u00f3n fue recogida en tiempo real a trav\u00e9s de los equipos de \u00faltima&#8230;<\/p>\n","protected":false},"author":1,"featured_media":0,"comment_status":"open","ping_status":"open","sticky":false,"template":"","format":"standard","meta":{"footnotes":""},"categories":[4,82],"tags":[268,463,299,361],"class_list":["post-1475","post","type-post","status-publish","format-standard","hentry","category-breaking-news","category-nacionales","tag-arequipa","tag-moquegua","tag-turismo-peruano","tag-volcan-ubima"],"_links":{"self":[{"href":"https:\/\/www.turistamagazine.com\/v2\/index.php?rest_route=\/wp\/v2\/posts\/1475","targetHints":{"allow":["GET"]}}],"collection":[{"href":"https:\/\/www.turistamagazine.com\/v2\/index.php?rest_route=\/wp\/v2\/posts"}],"about":[{"href":"https:\/\/www.turistamagazine.com\/v2\/index.php?rest_route=\/wp\/v2\/types\/post"}],"author":[{"embeddable":true,"href":"https:\/\/www.turistamagazine.com\/v2\/index.php?rest_route=\/wp\/v2\/users\/1"}],"replies":[{"embeddable":true,"href":"https:\/\/www.turistamagazine.com\/v2\/index.php?rest_route=%2Fwp%2Fv2%2Fcomments&post=1475"}],"version-history":[{"count":2,"href":"https:\/\/www.turistamagazine.com\/v2\/index.php?rest_route=\/wp\/v2\/posts\/1475\/revisions"}],"predecessor-version":[{"id":1482,"href":"https:\/\/www.turistamagazine.com\/v2\/index.php?rest_route=\/wp\/v2\/posts\/1475\/revisions\/1482"}],"wp:attachment":[{"href":"https:\/\/www.turistamagazine.com\/v2\/index.php?rest_route=%2Fwp%2Fv2%2Fmedia&parent=1475"}],"wp:term":[{"taxonomy":"category","embeddable":true,"href":"https:\/\/www.turistamagazine.com\/v2\/index.php?rest_route=%2Fwp%2Fv2%2Fcategories&post=1475"},{"taxonomy":"post_tag","embeddable":true,"href":"https:\/\/www.turistamagazine.com\/v2\/index.php?rest_route=%2Fwp%2Fv2%2Ftags&post=1475"}],"curies":[{"name":"wp","href":"https:\/\/api.w.org\/{rel}","templated":true}]}}