{"id":14730,"date":"2015-07-28T18:24:35","date_gmt":"2015-07-28T23:24:35","guid":{"rendered":"http:\/\/www.turistamagazine.com\/v2\/?p=14730"},"modified":"2015-07-28T18:33:17","modified_gmt":"2015-07-28T23:33:17","slug":"entrevista-al-dr-antero-flores-araoz","status":"publish","type":"post","link":"https:\/\/www.turistamagazine.com\/v2\/?p=14730","title":{"rendered":"ENTREVISTA AL DR. ANTERO FLORES ARAOZ"},"content":{"rendered":"<p style=\"text-align: justify;\"><strong><span style=\"color: #000080;\"><em>Entrevistamos al Dr. Antero Flores Araoz en su elegante y prestigioso estudio de abogados en el distrito de San Borja, ya que nos interesa conocer en algo su plan de Gobierno puesto que ha sido el primer candidato en inscribirse en el Registro de Partidos Pol\u00edticos\u00a0a la presidencia de la Rep\u00fablica\u00a0 del Per\u00fa para el a\u00f1o 2016 al frente de su partido ORDEN.<\/em><\/span><\/strong><\/p>\n<p style=\"text-align: justify;\">Pero hagamos una peque\u00f1a biograf\u00eda de nuestro ilustre entrevistado naci\u00f3 en Lima, el 28 de febrero 1942. Estudi\u00f3 en el tradicional Colegio La Salle. \u00a0Posteriormente\u00a0 Ingres\u00f3 a la Pontificia Universidad Cat\u00f3lica del Per\u00fa donde estudi\u00f3 en las Facultades de Letras y de Derecho y Ciencias Pol\u00edticas. Concluy\u00f3 sus estudios de Derecho en la Universidad Nacional Mayor de San Marcos donde se gradu\u00f3 de bachiller en Derecho y se titul\u00f3 de abogado. Ha ejercido la docencia como catedr\u00e1tico en las Facultades de Derecho de la Universidad de Lima y de la Universidad San Mart\u00edn de Porres y Presidente del Instituto Peruano de Estudios Humanistas. Actualmente es Presidente del Estudio Flores-Ar\u00e1oz &amp; Asociados. Y como pol\u00edtico se ha destacado en diferentes cargos en servicio de la naci\u00f3n peruana. Lo que le brinda un amplio conocimiento de pol\u00edtica y gobernabilidad. Hecha esta necesaria\u00a0 y resumida presentaci\u00f3n\u00a0 dejemos que el Propio Dr. Flores Araoz\u00a0 nos cuente acerca de la Fundaci\u00f3n de su partido pol\u00edtico <strong><span style=\"color: #000080;\">ORDEN.<\/span><\/strong><\/p>\n<p style=\"text-align: justify;\"><span style=\"color: #000080;\"><em>TMD.- Dr. Flores Araoz\u00a0 \u00bfPor qu\u00e9 ORDEN?<\/em><\/span><\/p>\n<p style=\"text-align: justify;\">AFA.- Hace ya 8 a\u00f1os que empezamos con el calvario de fundar nuestro partido ORDEN, y digo calvario porque es as\u00ed, y le pasa a todos los que quieren inscribir un partido \u00a0en el Registro de Partidos Pol\u00edticos, realmente es un calvario, porque pasamos <strong><span style=\"color: #000080;\">\u201c la mar y morena\u201d<\/span> <\/strong>para hacerlo puesto que te rechazan firmas, formamos comit\u00e9s te rechazan los comit\u00e9s, es realmente una tragedia porque es sumamente burocr\u00e1tico y reglamentarista, desconoci\u00e9ndose realmente cual es la naturaleza de los partidos pol\u00edticos\u00a0 que son de gente voluntaria etc. Y se ha cometido la barbaridad de reglamentarla como si fuera una S. A. o una empresa que cotiza en Bolsa, en fin pasamos todo este calvario y qued\u00f3 constituido ORDEN y\u00a0 ORDEN en realidad no es una sigla que signifique otro nombre no, ORDEN es lo que el pa\u00eds necesita, lo que la gente clama, actualmente todo es <em><strong><span style=\"color: #000080;\">\u201cun desmadre\u201d<\/span><\/strong><\/em>, todo el mundo hace lo que quiere, la inseguridad reina por doquier, si sale un hijo no sabemos si va a volver, si sale una hija no sabemos si\u00a0 volver\u00e1 \u00a0y de repente hasta violada, es un desastre la gente no tiene tranquilidad, hay sicariato que antes no exist\u00eda, extorsiones, y lamentablemente vemos\u00a0\u00a0 que el estado ha sido ineficiente, por eso hay que poner ORDEN en el pa\u00eds.<\/p>\n<p style=\"text-align: justify;\"><em><strong><span style=\"color: #000080;\">Por otro lado hay que desregular, si no quitamos tanto requisito y\u00a0\u00a0 tanta tramitolog\u00eda \u00a0que entorpece la inversi\u00f3n, \u00a0sin \u00a0\u00a0inversi\u00f3n \u00a0no hay desarrollo, sin desarrollo no hay trabajo y si no hay trabajo no hay bienestar y eso en ORDEN lo tenemos bien claro.<\/span><\/strong><\/em><\/p>\n<p style=\"text-align: justify;\"><span style=\"color: #000080;\"><em>TMD .-Estamos de acuerdo con todo lo que Ud. dice Dr. ORDEN es lo que necesita el pa\u00eds, pero a su vez lo mismo dicen todos los candidatos\u00a0 nosotros siempre lo decimos, cuando est\u00e1n en campa\u00f1a <strong>\u201cprometen m\u00e1s que novio enamorado, y despu\u00e9s cuando llegan al poder, cumplen peor que marido aburrido<\/strong>\u201d y siguiendo el tono de la entrevista ya que a Ud. le gusta mucho utilizar dichos criollos, decimos es f\u00e1cil prometer, \u201cpero una cosa es con guitarra y otra con caj\u00f3n\u201d<\/em><\/span><\/p>\n<p style=\"text-align: justify;\"><span style=\"color: #000080;\"><em>\u00bfQu\u00e9 har\u00eda Ud. para mejorar la seguridad que es el problema candente y que nos preocupa a todos?<\/em><\/span><\/p>\n<p style=\"text-align: justify;\">AFA.- Inicialmente y como se habr\u00e1 podido dar cuenta en la primera respuesta a su pregunta yo no he hecho ninguna promesa, ya que as\u00ed no ganemos, y estamos seguros que vamos a ganar, siempre vamos a decir la verdad <strong><em><span style=\"color: #000080;\">\u201cnuda y desnuda\u201d<\/span><\/em><\/strong>, as\u00ed no guste, porque la gente debe saber lo que pensamos para que sepa a qu\u00e9 atenerse.<\/p>\n<p style=\"text-align: justify;\">En primer lugar hacer que la especializaci\u00f3n de la polic\u00eda se respete, por ejemplo hoy en d\u00eda polic\u00edas que se han educado en investigaciones\u00a0 del delito, que el estado ha invertido en su educaci\u00f3n est\u00e1n resguardando por ejemplo la Tarjea, que tiene que ver una cosa con la otra.<\/p>\n<div id=\"attachment_14731\" style=\"width: 235px\" class=\"wp-caption aligncenter\"><a href=\"https:\/\/www.turistamagazine.com\/v2\/wp-content\/uploads\/2015\/07\/SAM_0814.jpg\"><img decoding=\"async\" aria-describedby=\"caption-attachment-14731\" class=\"size-medium wp-image-14731\" title=\"Antero Flores Araoz rodeado de libros y recuerdos de toda una vida de trabajo \" src=\"https:\/\/www.turistamagazine.com\/v2\/wp-content\/uploads\/2015\/07\/SAM_0814-225x300.jpg\" alt=\"\" width=\"225\" height=\"300\" \/><\/a><p id=\"caption-attachment-14731\" class=\"wp-caption-text\">Antero Flores Araoz rodeado de libros y recuerdos de toda una vida de trabajo<\/p><\/div>\n<p style=\"text-align: justify;\"><span style=\"color: #000080;\"><em>PTM.- Completamente de acuerdo Dr. son recurso del estado desaprovechados<\/em><\/span><\/p>\n<p style=\"text-align: justify;\">2\u00b0 Los delitos de gran significaci\u00f3n\u00a0 de una delincuencia organizada tienen que ser \u00a0manejados por polic\u00edas con mucha expertise, y ahora recordemos que hay delitos nuevos \u00a0como el sicariato, extorsiones, y los delitos inform\u00e1ticos, grandes estafas por el internet, y como nos los tenemos\u00a0 aqu\u00ed de gran nivel, necesitamos traer una misi\u00f3n de polic\u00edas de alg\u00fan pa\u00eds que tenga un expertise\u00a0 mejor que nosotros en el tratamiento del gran delito.<\/p>\n<p style=\"text-align: justify;\"><em><strong><span style=\"color: #000080;\">Por otro lado tenemos que terminar con tantas escuelas de polic\u00eda, creo que tenemos \u00a017 o 19 que ni \u00a0siquiera hay tanto profesores para cubrir todas las plazas, y terminar ya con promociones aceleradas donde salen polic\u00edas que realmente no est\u00e1n en su mejor forma. Necesitamos menos escuelas y m\u00e1s preparaci\u00f3n.<\/span><\/strong><\/em><\/p>\n<p style=\"text-align: justify;\">Otra cosa muy importante debemos de coordinar \u00a0polic\u00eda con serenazgo\u00a0 y a los serenos darles la posibilidad de utilizar armas no letales como balines de goma etc, debe haber una coordinaci\u00f3n total entre el municipio y la polic\u00eda, pero el estado tiene que hacer una campa\u00f1a de solidaridad en la poblaci\u00f3n para que exista solidaridad entre las persona, hoy ves que a diez pasos \u00a0tuyo est\u00e1n asaltando, cogoteando ,robando el celular, la cartera ,el reloj a una persona y nadie hace nada.<\/p>\n<p style=\"text-align: justify;\"><span style=\"color: #000080;\"><em>Es muy cierto Dr. Lo que paso es que la gente tiene miedo a la represalia.<\/em><\/span><\/p>\n<p style=\"text-align: justify;\">Adem\u00e1s la gente y el com\u00fan de las \u00a0autoridades piensa que poniendo camaritas de T.V por todos lados se solucionar\u00e1 el problema, <strong><em><span style=\"color: #000080;\">oiga eso \u00a0es el remedio, con eso sabes de que muri\u00f3 el paciente, pero no evitar su muerte, con eso \u00a0sabr\u00e1s quien cometi\u00f3 el delito pero no impedir\u00e1s el delito<\/span><\/em><\/strong>, necesitamos como consecuencia entrenar\u00a0 al vecindario para que sean solidarios \u00a0y con sistemas tan sencillos como pitos, se puede alertar a la polic\u00eda que\u00a0 se est\u00e1 ejecutando un delito y ayudar a la polic\u00eda, esto entre otras \u00a0muchas acciones, que son necesarias y<span style=\"color: #000080;\"><strong><em> sobre todo terminar con ese sistema del \u00a024 x 24 que hace que menos de la mitad de la polic\u00eda est\u00e9n en las calles, y sacar a tanto polic\u00edas que est\u00e1 en el ministerio del interior haciendo labores administrativas para lo que no fueron preparados \u00a0y sobre todo \u00a0sacar a ciento y cientos \u00a0de polic\u00edas que est\u00e1n en las comisar\u00edas haciendo copias certificadas\u2026 \u201cDios me asista\u2026 Para eso contratamos secretarias\u201d.<\/em><\/strong><\/span><\/p>\n<p style=\"text-align: justify;\"><span style=\"color: #000080;\">PTM.- <em>Naturalmente es lo que se deb\u00eda hacer, pero es un sistema que ya lleva a\u00f1os funcionando as\u00ed\u2026 \u00a0\u00a0En cuanto a la solidaridad se ha perdido completamente<\/em><\/span><\/p>\n<p style=\"text-align: justify;\">AFA.- Y tambi\u00e9n hemos perdido valores, \u00a0todos pensamos que en el colegio se dicta instrucci\u00f3n, si es bien cierto que en la casa se educa, pero el colegio es el complemento y no estamos educando en \u00a0valores, \u00a0pueden saber muy bien de lenguaje, matem\u00e1ticas geograf\u00eda, historia . \u00bfD\u00f3nde han quedado los valores de la \u00a0honestidad, solidaridad, honradez. \u00bfD\u00f3nde \u00a0qued\u00f3 la ayuda mutua, todo eso ha desparecido, tenemos que ense\u00f1arla nuevamente, \u00a0donde adem\u00e1s de existir una instrucci\u00f3n orientadora para actividades futuras, tambi\u00e9n debe existir una orientaci\u00f3n b\u00e1sica en \u00e9tica y moral.<\/p>\n<p style=\"text-align: justify;\"><em><span style=\"color: #000080;\">PTM.- Es verdad lo que Ud. dice Dr. pero una tarea as\u00ed se debe iniciar en los colegios, si es cierto que la educaci\u00f3n viene de casa, pero esta es una tarea generacional ya no podemos hacer nada con los actuales padres, entonces se debe empezar en los colegios crearles a los ni\u00f1os todos los valores de los que Ud. habla y que se han perdido. \u00bfNo cree Ud. que una campa\u00f1a de solidaridad y de \u00a0conciencia de amor hacia el pr\u00f3jimo y sobre todo de identidad nacional \u00a0se deb\u00eda empezar en los colegios, \u00bf De llegar al gobierno como lo har\u00eda?<\/span><\/em><\/p>\n<p style=\"text-align: justify;\">AFA.- Sin duda hay que hacer eso y con los mejores expertos en marketing social porque hay que ir cambiando el chip en la gente, y en el tema de la inversi\u00f3n tambi\u00e9n y uno de ellos es la miner\u00eda, el pa\u00eds no puede ser anti minero ya que la miner\u00eda es la que da los mayores recursos al pa\u00eds, con lo cual hacer campa\u00f1a para que la gente entienda que sin la inversi\u00f3n privada no hay trabajo y si no hay trabajo no hay bienestar, ni aumento en los niveles de vida.<\/p>\n<p style=\"text-align: justify;\"><span style=\"color: #000080;\"><em>PTM.- Dr. Flores Araoz, \u00a0en los \u00faltimos a\u00f1os hemos vivido una serie de protestas de las personas que viven en las regiones \u00a0potencialmente mineras y vemos que el gobierno reacciona como consecuencia de las acciones vand\u00e1licas de los comuneros ,o, de los habitantes de estos asentamientos mineros, porque pareciera que no les llega a ellos el famoso canon minero y sienten que sus riquezas son utilizadas en favor de otros \u00bfPor qu\u00e9 no se les explica que la explotaci\u00f3n de una mina \u00a0los va a beneficiar en su desarrollo social y familiar?<\/em><\/span><\/p>\n<p style=\"text-align: justify;\"><em>AFA.- <\/em>Yo los entiendo, lo que pasa es que hay que distinguir entre el canon y las regal\u00edas, el canon es lo que pagan las mineras y quedan en la regi\u00f3n pero para utilizarlas en 6 o 7 cosas, hay que ampliar esa distribuci\u00f3n porque los pobladores\u00a0 saben que existe una millonada de plata que ni siquiera pasa por sus narices, con lo cual ven encarecer todo pero a ellos no los beneficia en nada, y las regal\u00edas son lo que las mineras pagan al estado por la extracci\u00f3n de los minerales, esas regal\u00edas se deb\u00edan quedar en la poblaci\u00f3n y repartirlas a cada uno para que esta gente \u00a0sienta que la explotaci\u00f3n de las minas llega tambi\u00e9n directamente a sus bolsillo con lo que nos evitar\u00edamos que se frenen tantos proyectos minero que beneficiar\u00edan no s\u00f3lo a la regi\u00f3n sino a todo el pa\u00eds.<\/p>\n<p style=\"text-align: justify;\"><em><span style=\"color: #000080;\">\u00bfPero eso tendr\u00eda que hacerlo el Estado no es verdad?<\/span><\/em><\/p>\n<p style=\"text-align: justify;\"><strong><span style=\"color: #000080;\"><em>AFA.- <\/em>Por supuesto hay que cambiar la legislaci\u00f3n y ORDEN SE COMPROMETE A HACERLO.<\/span><\/strong><\/p>\n<p style=\"text-align: justify;\"><a href=\"https:\/\/www.turistamagazine.com\/v2\/wp-content\/uploads\/2015\/07\/orden.png\"><img decoding=\"async\" class=\"aligncenter size-full wp-image-14733\" title=\"orden\" src=\"https:\/\/www.turistamagazine.com\/v2\/wp-content\/uploads\/2015\/07\/orden.png\" alt=\"\" width=\"123\" height=\"79\" \/><\/a><\/p>\n<p style=\"text-align: justify;\"><em><span style=\"color: #000080;\">PTM.- Finalmente Dr. nosotros que estamos en la actividad tur\u00edsticas \u00a0que piensa Ud. del Ministerio de Turismo que lo reclamamos en todo momento<\/span><\/em><\/p>\n<p style=\"text-align: justify;\"><em>AFA.- <\/em>No s\u00e9 para que lo reclaman en realidad, si el turismo sigue creciendo no por \u00a0la inversi\u00f3n el gobierno, sino por la actividad privada, cuando tu creas una autoridad m\u00e1s, esa autoridad tiene que buscarse que hacer, entonces empiezan a poner m\u00e1s regulaciones, a pedir m\u00e1s formularios, m\u00e1s informaci\u00f3n, hacerte la vida imposible, te hacen la vida a cuadritos yo a mis amigos les digo siempre eso menos es \u00a0m\u00e1s.<\/p>\n<p style=\"text-align: justify;\"><span style=\"color: #000080;\"><em>PTM.- Bueno, Dr. le deseamos mucha suerte pensamos que Ud. ser\u00eda un gran presidente, y nos gustar\u00eda que les mande un saludo a esos miles de peruanos en el extranjero porque sepa Ud. que a nosotros nos leen peruanos en Rusia.<\/em><\/span><\/p>\n<p style=\"text-align: justify;\"><span style=\"color: #000080;\"><em>AFA.- <\/em><\/span><strong>Si lo s\u00e9,<\/strong><span style=\"color: #000080;\"> ya que asisto hace muchos a\u00f1os, dos d\u00e9cadas ya, \u00a0a las reuniones de \u00a0las Asociaciones d<\/span>e Peruanos en el Exterior con sede en EE. UU. y Canad\u00e1, pero que ahora es mundial y la preside Julio Salazar y s\u00e9 de las bondades que ellas tienen y conozco tambi\u00e9n las aspiraciones de esos peruanos, que si bien tuvieron que dejar el Per\u00fa f\u00edsicamente pero lo tienen siempre arraigado en su coraz\u00f3n y en su mente y no quieren desarraigarse en ning\u00fan momento de este Per\u00fa que es su cuna mater.<\/p>\n<p style=\"text-align: justify;\"><strong><span style=\"color: #000080;\">Mucha Suerte Dr. Antero Flores Araoz \u00a0en esta campa\u00f1a que ser\u00e1 fer\u00f3z como todas las campa\u00f1as pol\u00edticas,y su partido ORDEN<\/span><\/strong><\/p>\n<p style=\"text-align: justify;\">Entrevista\/Turistamagazine<\/p>\n","protected":false},"excerpt":{"rendered":"<p>Entrevistamos al Dr. Antero Flores Araoz en su elegante y prestigioso estudio de abogados en el distrito de San Borja, ya que nos interesa conocer en algo su plan de Gobierno puesto que ha sido el primer candidato en inscribirse en el Registro de Partidos Pol\u00edticos\u00a0a la presidencia de la Rep\u00fablica\u00a0 del Per\u00fa para el a\u00f1o 2016 al frente de su partido ORDEN. Pero hagamos una peque\u00f1a biograf\u00eda de nuestro ilustre entrevistado naci\u00f3 en Lima, el 28 de febrero 1942. Estudi\u00f3 en el tradicional Colegio La Salle. \u00a0Posteriormente\u00a0 Ingres\u00f3 a la Pontificia Universidad Cat\u00f3lica del Per\u00fa donde estudi\u00f3 en las&#8230;<\/p>\n","protected":false},"author":1,"featured_media":0,"comment_status":"open","ping_status":"open","sticky":false,"template":"","format":"standard","meta":{"footnotes":""},"categories":[94],"tags":[1956,4673,99,2649,4775,749],"class_list":["post-14730","post","type-post","status-publish","format-standard","hentry","category-entrevistas","tag-antero-flores-araoz","tag-candidato-a-la-presidencia-del-peru","tag-elenita-villar","tag-partido-orden","tag-presidenciales-2016","tag-turistamagazine"],"_links":{"self":[{"href":"https:\/\/www.turistamagazine.com\/v2\/index.php?rest_route=\/wp\/v2\/posts\/14730","targetHints":{"allow":["GET"]}}],"collection":[{"href":"https:\/\/www.turistamagazine.com\/v2\/index.php?rest_route=\/wp\/v2\/posts"}],"about":[{"href":"https:\/\/www.turistamagazine.com\/v2\/index.php?rest_route=\/wp\/v2\/types\/post"}],"author":[{"embeddable":true,"href":"https:\/\/www.turistamagazine.com\/v2\/index.php?rest_route=\/wp\/v2\/users\/1"}],"replies":[{"embeddable":true,"href":"https:\/\/www.turistamagazine.com\/v2\/index.php?rest_route=%2Fwp%2Fv2%2Fcomments&post=14730"}],"version-history":[{"count":3,"href":"https:\/\/www.turistamagazine.com\/v2\/index.php?rest_route=\/wp\/v2\/posts\/14730\/revisions"}],"predecessor-version":[{"id":14735,"href":"https:\/\/www.turistamagazine.com\/v2\/index.php?rest_route=\/wp\/v2\/posts\/14730\/revisions\/14735"}],"wp:attachment":[{"href":"https:\/\/www.turistamagazine.com\/v2\/index.php?rest_route=%2Fwp%2Fv2%2Fmedia&parent=14730"}],"wp:term":[{"taxonomy":"category","embeddable":true,"href":"https:\/\/www.turistamagazine.com\/v2\/index.php?rest_route=%2Fwp%2Fv2%2Fcategories&post=14730"},{"taxonomy":"post_tag","embeddable":true,"href":"https:\/\/www.turistamagazine.com\/v2\/index.php?rest_route=%2Fwp%2Fv2%2Ftags&post=14730"}],"curies":[{"name":"wp","href":"https:\/\/api.w.org\/{rel}","templated":true}]}}