{"id":14691,"date":"2015-07-26T14:22:43","date_gmt":"2015-07-26T19:22:43","guid":{"rendered":"http:\/\/www.turistamagazine.com\/v2\/?p=14691"},"modified":"2015-11-17T17:30:49","modified_gmt":"2015-11-17T22:30:49","slug":"el-grupo-folklorico-tigaray-un-modelo-para-enmarcar","status":"publish","type":"post","link":"https:\/\/www.turistamagazine.com\/v2\/?p=14691","title":{"rendered":"EL GRUPO FOLKLORICO TIGARAY, UN MODELO PARA ENMARCAR"},"content":{"rendered":"<p style=\"text-align: justify;\"><span style=\"color: #000080;\"><strong><em>Los canarios, habitantes de unas islas situadas en medio del mar, hemos experimentado, esa suerte de esquife, al convivir rodeados de a\u00f1il, y escribir nuestros diarios con el coraz\u00f3n al pairo\u201d (Tigaray 2015)<\/em><\/strong><\/span><\/p>\n<p style=\"text-align: center;\" align=\"center\"><strong>\u00a0<\/strong><span style=\"color: #000080;\"><strong>LAS HISTORIA BUENAS DE CANARIAS<\/strong><\/span><\/p>\n<p style=\"text-align: justify;\">Por. Antonio-Pedro Tejera Reyes<\/p>\n<p style=\"text-align: justify;\"><strong><em>Para mi amigo Jos\u00e9 Javier P\u00e9rez, en Lima,<\/em><\/strong><\/p>\n<p style=\"text-align: justify;\"><strong><em>Per\u00fa, record\u00e1ndole con todo mi cari\u00f1o<\/em><\/strong><\/p>\n<p style=\"text-align: justify;\"><strong><em>y aprecio.<\/em><\/strong><\/p>\n<p style=\"text-align: justify;\" align=\"center\"><span style=\"color: #000080;\"><strong>\u00a0LOS INICIOS DE UNA HISTORI<\/strong>A<\/span><\/p>\n<p style=\"text-align: justify;\">Nuestra amistad con Javier Acevedo Reyes, se remonta a finales de los a\u00f1os sesenta del pasado siglo cuando se matricul\u00f3 para estudiar la carrera de turismo en nuestra escuela de turismo, curiosamente situada en el mismo lugar donde se encuentra ahora, y que fuera fundada en el a\u00f1o 1965.<\/p>\n<p style=\"text-align: justify;\">\u00a0Javier Acevedo Reyes, era ya un personaje conocido en el mundo del deporte, porque era un excelente delantero del Club Deportivo Tenerife, codiciado por algunos equipos de la \u00e9lite espa\u00f1ola.<\/p>\n<p style=\"text-align: justify;\">Ah\u00ed, con ese escenario de fondo, conocimos e intimamos con este realejero al que conced\u00edamos permiso en sus clases de turismo, para ir a los entrenamientos deportivos. Una \u00e9poca brillante de nuestra vida, que durante a\u00f1os hemos recordado ambos en los distintos encuentros que nos ha deparado el destino.<\/p>\n<p style=\"text-align: justify;\">Estudiante de lujo, particip\u00f3 en aquellos recordados ciclos y seminarios de car\u00e1cter nacional e internacional, donde contamos con una \u00e9lite de instructores tales como Manuel Fraga Iribarne, Oskar A. Dignoes, Manuel Funes Robert, Jos\u00e9 Antonio Fern\u00e1ndez Cuesta, Ram\u00f3n Tamames, entre otros distinguidos Maestros del Turismo.<\/p>\n<p style=\"text-align: justify;\">Memorables recuerdos del nacimiento de unos estudios in\u00e9ditos en el mundo en los cuales, hombres y mujeres, como el caso de Javier Acevedo Reyes, pon\u00edan algo bastante mas que la ilusi\u00f3n de una juventud a la cual ense\u00f1\u00e1bamos a creer en el turismo como una soluci\u00f3n para el desarrollo socio-econ\u00f3mico del mundo, con el complemento a\u00f1adido de vivir en un privilegiado lugar para ello, como son las Islas Canarias, aunque a estas fechas, todav\u00eda no hayamos podido integrar de lleno a sus habitantes en esta aut\u00e9ntica realidad.<\/p>\n<p style=\"text-align: justify;\" align=\"center\"><strong>JAVIER ACEVEDO REYES<\/strong><\/p>\n<p style=\"text-align: justify;\">En este acontecer, de las cosas de la vida, Javier Acevedo, evolucion\u00f3 en su trabajo form\u00e1ndose en la actividad bancaria, en la cual se jubil\u00f3 alcanzando el puesto de director-gerente en una importante\u00a0 sucursal de uno de los primeros bancos de Espa\u00f1a.<\/p>\n<div id=\"attachment_14693\" style=\"width: 624px\" class=\"wp-caption aligncenter\"><a href=\"https:\/\/www.turistamagazine.com\/v2\/wp-content\/uploads\/2015\/07\/NONO.jpg\"><img decoding=\"async\" aria-describedby=\"caption-attachment-14693\" class=\" wp-image-14693 \" title=\" El autor del reportaje en el hall del Hotel Marte, Puerto de la Cruz, Tenerife, junto a Javier Acevedo, hablando de folklore y turismo.\" src=\"https:\/\/www.turistamagazine.com\/v2\/wp-content\/uploads\/2015\/07\/NONO-1024x768.jpg\" alt=\"\" width=\"614\" height=\"461\" \/><\/a><p id=\"caption-attachment-14693\" class=\"wp-caption-text\">El autor del reportaje en el hall del Hotel Marte, Puerto de la Cruz, Tenerife, junto a Javier Acevedo, hablando de folklore y turismo.<\/p><\/div>\n<p style=\"text-align: justify;\">La bonhom\u00eda y la formaci\u00f3n de nuestro extrovertido personaje, le llevar\u00eda a ser uno de los principales fundadores de uno de los m\u00e1s importantes grupos folkl\u00f3ricos existentes hoy en Canarias.<\/p>\n<p style=\"text-align: justify;\">Sentados en el hall del hist\u00f3rico Hotel Marte, en ese Puerto de la Cruz, de nuestros amores, Javier nos cuenta algo de este ejemplar grupo.<\/p>\n<p style=\"text-align: justify;\">\u00a0<strong><span style=\"color: #000080;\"><em>\u201cEl grupo folkl\u00f3rico Tigaray, inici\u00f3 su andadura en Junio de 1985 en el casco hist\u00f3rico del Realejo Bajo, en el municipio de Los Realejos ( Tenerife, Islas Canarias ), acumulando desde entonces hasta la fecha de hoy, treinta a\u00f1os de experiencia sobre los m\u00e1s diversos escenarios, difundiendo los cantos populares del Archipi\u00e9lago Canario desde una perspectiva creativa y abierta.<\/em><\/span><\/strong><\/p>\n<p style=\"text-align: justify;\"><strong><span style=\"color: #000080;\"><em>\u00a0<\/em><em>Entre sus actuaciones m\u00e1s relevantes est\u00e1n, Venezuela en el a\u00f1o 1988, la Expo Universal de Sevilla 1992\u2026 Playa de Aro, en Tarragona; Sestao, en el Pa\u00eds Vasco, etc. adem\u00e1s en todas las Islas Canarias, con recitales en sus primeros teatros Guimer\u00e1, Santa Cruz de Tenerife y Leal, en San Crist\u00f3bal de La Laguna.\u201d<\/em><\/span><\/strong><\/p>\n<p style=\"text-align: justify;\" align=\"center\"><strong>\u00a0LOS TREINTA A\u00d1OS DE TIGARAY Y SU FUTURO<\/strong><\/p>\n<p style=\"text-align: justify;\">Hoy, Tigaray prepara lo que ya es algo m\u00e1s que un proyecto, una aut\u00e9ntica revelaci\u00f3n con un trabajo que Javier Acevedo nos resume:\u00a0<strong><span style=\"color: #000080;\"><em>\u201cUN AMOR EN CADA PUERTO, es el nombre elegido por Tigaray para dar forma a su nuevo espect\u00e1culo; un recital, en \u00e9l se dar\u00e1n la mano la m\u00fasica y la danza contempor\u00e1nea, la historia y la literatura; la pasi\u00f3n y el mar. Todo ello, persiguiendo el vibrante prop\u00f3sito de rendir tributo a una de las porciones menos conocidas de la historia de las Islas Canarias: su memoria enso\u00f1adora, la vocaci\u00f3n rom\u00e1ntica de sus gentes.<\/em><\/span><\/strong><\/p>\n<p style=\"text-align: justify;\"><strong><span style=\"color: #000080;\"><em>\u00a0<\/em><em>Enmarcados sin remedio entre las lindes litorales que nos han curtido el pecho. \u201cUn amor en cada puerto\u201d, ha sido concebido como un relato sonoro destinado a desvelar la arquitectura emocional de nuestro archipi\u00e9lago, escenario predilecto de un sinf\u00edn de amor\u00edos fervorosos. Unos amor\u00edos que, por causa de nuestra inapelable gen\u00e9tica transmarina, han ido a parar al mar. Un bolero febril junto a una zamba olvidadiza. Un tajaraste del dolor, acompa\u00f1ado de una cumbia celestina&#8230;Ser\u00e1n parte de los ritmos que compondr\u00e1n esta exaltaci\u00f3n del Atl\u00e1ntico inmenso, que sin embargo nos estrecha.\u201d<\/em><\/span><\/strong><\/p>\n<div id=\"attachment_14695\" style=\"width: 624px\" class=\"wp-caption aligncenter\"><a href=\"https:\/\/www.turistamagazine.com\/v2\/wp-content\/uploads\/2015\/07\/TENDERETE.jpg\"><img decoding=\"async\" aria-describedby=\"caption-attachment-14695\" class=\" wp-image-14695 \" title=\"En el programa de TVE, TENDERETE, una de las brillantes actuaciones del Grupo Tigaray, en im\u00e1genes recogidas en Venezuela.\" src=\"https:\/\/www.turistamagazine.com\/v2\/wp-content\/uploads\/2015\/07\/TENDERETE-1024x681.jpg\" alt=\"\" width=\"614\" height=\"409\" \/><\/a><p id=\"caption-attachment-14695\" class=\"wp-caption-text\">En el programa de TVE, TENDERETE, una de las brillantes actuaciones del Grupo Tigaray, en im\u00e1genes recogidas en Venezuela.<\/p><\/div>\n<p style=\"text-align: justify;\">Visi\u00f3n clara y precisa de un trabajo generoso, hist\u00f3rico, profundo, como lo es llegar a la intimidad del personaje canario \u2013 mujeres y hombres \u2013 marcados por el aislamiento que supone el mar\u2026\u00a0 donde el Grupo Tigaray, llega a eso que ellos han llamado \u201cla arquitectura emocional del Archipi\u00e9lago Canario\u201d, sin otro compromiso que el dejar la huella de unos personajes que han ofrecido de forma benem\u00e9rita miles de horas de su asueto, en beneficio de la historia de su tierra como un homenaje a su sufrida historia, hoy recogida as\u00ed para la posteridad.<\/p>\n<p style=\"text-align: justify;\" align=\"center\"><strong>EPILOGO<\/strong><\/p>\n<p style=\"text-align: justify;\">Visitamos ahora la inmensa obra que el Grupo Tigaray, est\u00e1 realizando en Los Realejos, construyendo con sus propios limitado recursos, una sede abierta a todo lo que sea una expresi\u00f3n cultural, reconstruyendo \u00a0un caser\u00edo de una antigua hacienda, con el apoyo impagable del Excmo. Ayuntamiento de Los Realejos, a quienes tenemos que agradecer sus atenciones al acompa\u00f1arnos en esta visita, <strong><em><span style=\"color: #000080;\">por su Teniente Alcalde, Adolfo Gonz\u00e1lez P\u00e9rez-Siverio; Jefe de Prensa, Sergio Gonz\u00e1lez (componente de Tigaray); Vicente Hern\u00e1ndez y Samuel Fumero, presidente y director del grupo, respectivamente, as\u00ed como nuestro ilustre amigo Javier Acevedo Reyes, toda una instituci\u00f3n dentro del se\u00f1alado grupo.<\/span><\/em><\/strong><\/p>\n<div id=\"attachment_14692\" style=\"width: 624px\" class=\"wp-caption aligncenter\"><a href=\"https:\/\/www.turistamagazine.com\/v2\/wp-content\/uploads\/2015\/07\/LOS-REALEJOS.jpg\"><img decoding=\"async\" aria-describedby=\"caption-attachment-14692\" class=\" wp-image-14692 \" title=\"LOS  REALEJOS\" src=\"https:\/\/www.turistamagazine.com\/v2\/wp-content\/uploads\/2015\/07\/LOS-REALEJOS-1024x768.jpg\" alt=\"\" width=\"614\" height=\"461\" \/><\/a><p id=\"caption-attachment-14692\" class=\"wp-caption-text\">LOS REALEJOS<\/p><\/div>\n<p style=\"text-align: justify;\">Un modelo ejemplarizante en el desarrollo de la actividad cultural de Canarias, donde se pone de manifiesto la clase, la categor\u00eda, y la hidalgu\u00eda de los habitantes de estas islas\u2026 Los otros, los que nos saquean y nos desprestigian, son el <strong><em><span style=\"color: #000080;\">\u201cdesperdicio\u201d<\/span><\/em><\/strong> que dir\u00eda el Dr. Edward Deming\u2026<\/p>\n<p style=\"text-align: justify;\">\u00a0*Del Grupo de Expertos de la Organizaci\u00f3n Mundial del Turismo, de las Naciones Unidas. ONU:<\/p>\n<p>&nbsp;<\/p>\n<p>&nbsp;<\/p>\n","protected":false},"excerpt":{"rendered":"<p>Los canarios, habitantes de unas islas situadas en medio del mar, hemos experimentado, esa suerte de esquife, al convivir rodeados de a\u00f1il, y escribir nuestros diarios con el coraz\u00f3n al pairo\u201d (Tigaray 2015) \u00a0LAS HISTORIA BUENAS DE CANARIAS Por. Antonio-Pedro Tejera Reyes Para mi amigo Jos\u00e9 Javier P\u00e9rez, en Lima, Per\u00fa, record\u00e1ndole con todo mi cari\u00f1o y aprecio. \u00a0LOS INICIOS DE UNA HISTORIA Nuestra amistad con Javier Acevedo Reyes, se remonta a finales de los a\u00f1os sesenta del pasado siglo cuando se matricul\u00f3 para estudiar la carrera de turismo en nuestra escuela de turismo, curiosamente situada en el mismo lugar&#8230;<\/p>\n","protected":false},"author":1,"featured_media":0,"comment_status":"open","ping_status":"open","sticky":false,"template":"","format":"standard","meta":{"footnotes":""},"categories":[90],"tags":[284,178,4767,561,749],"class_list":["post-14691","post","type-post","status-publish","format-standard","hentry","category-pensando-en-voz-alta","tag-antonio-pedro-tejera-reyes","tag-espana","tag-grupo-folklorico-tigaray","tag-islas-canarias","tag-turistamagazine"],"_links":{"self":[{"href":"https:\/\/www.turistamagazine.com\/v2\/index.php?rest_route=\/wp\/v2\/posts\/14691","targetHints":{"allow":["GET"]}}],"collection":[{"href":"https:\/\/www.turistamagazine.com\/v2\/index.php?rest_route=\/wp\/v2\/posts"}],"about":[{"href":"https:\/\/www.turistamagazine.com\/v2\/index.php?rest_route=\/wp\/v2\/types\/post"}],"author":[{"embeddable":true,"href":"https:\/\/www.turistamagazine.com\/v2\/index.php?rest_route=\/wp\/v2\/users\/1"}],"replies":[{"embeddable":true,"href":"https:\/\/www.turistamagazine.com\/v2\/index.php?rest_route=%2Fwp%2Fv2%2Fcomments&post=14691"}],"version-history":[{"count":5,"href":"https:\/\/www.turistamagazine.com\/v2\/index.php?rest_route=\/wp\/v2\/posts\/14691\/revisions"}],"predecessor-version":[{"id":14698,"href":"https:\/\/www.turistamagazine.com\/v2\/index.php?rest_route=\/wp\/v2\/posts\/14691\/revisions\/14698"}],"wp:attachment":[{"href":"https:\/\/www.turistamagazine.com\/v2\/index.php?rest_route=%2Fwp%2Fv2%2Fmedia&parent=14691"}],"wp:term":[{"taxonomy":"category","embeddable":true,"href":"https:\/\/www.turistamagazine.com\/v2\/index.php?rest_route=%2Fwp%2Fv2%2Fcategories&post=14691"},{"taxonomy":"post_tag","embeddable":true,"href":"https:\/\/www.turistamagazine.com\/v2\/index.php?rest_route=%2Fwp%2Fv2%2Ftags&post=14691"}],"curies":[{"name":"wp","href":"https:\/\/api.w.org\/{rel}","templated":true}]}}