{"id":14635,"date":"2015-07-23T09:10:01","date_gmt":"2015-07-23T14:10:01","guid":{"rendered":"http:\/\/www.turistamagazine.com\/v2\/?p=14635"},"modified":"2015-07-23T09:10:01","modified_gmt":"2015-07-23T14:10:01","slug":"centro-de-interpretacion-de-paracas-atendera-al-publico-en-fiestas-patrias","status":"publish","type":"post","link":"https:\/\/www.turistamagazine.com\/v2\/?p=14635","title":{"rendered":"CENTRO DE INTERPRETACI\u00d3N DE PARACAS ATENDER\u00c1 AL P\u00daBLICO EN FIESTAS PATRIAS"},"content":{"rendered":"<p style=\"text-align: justify;\">Lima, jul. 23. El Centro de Interpretaci\u00f3n de la Reserva Natural de Paracas, en la regi\u00f3n Ica, recibir\u00e1 al p\u00fablico de manera gratuita durante los d\u00edas feriados por Fiestas Patrias, inform\u00f3 el Servicio Nacional de \u00c1reas Naturales Protegidas (Sernanp).<\/p>\n<p style=\"text-align: justify;\">Pedro Gamboa, jefe del Sernanp, detall\u00f3 que este Centro de Interpretaci\u00f3n es un lugar donde se muestra todos los detalles que el turista conocer\u00e1 en el Reserva Natural de Paracas, para que disfrute la visita bien informado.<\/p>\n<p style=\"text-align: justify;\">\u00abSolamente ingresa con su ticket para visitar la reserva y va a tener adem\u00e1s la experiencia de conocer todos los atractivos tur\u00edsticos y de biodiversidad al interior de la reserva\u00bb, expres\u00f3 Gamboa en declaraciones a la Agencia Andina.<\/p>\n<p style=\"text-align: justify;\">Anunci\u00f3, adem\u00e1s, que por estas fechas, el ingreso a la Reserva Natural de Paracas y las Islas Ballestas tendr\u00e1n una promoci\u00f3n de 15 nuevos soles por dos personas.<\/p>\n<p style=\"text-align: justify;\">Manifest\u00f3 que el personal de Sernanp estar\u00e1 muy atento en satisfacer las necesidades de los visitantes para que disfruten al m\u00e1ximo de esta experiencia junto a la naturaleza.<\/p>\n<p style=\"text-align: justify;\">\u00abLo \u00fanico que exigimos es un poco de cuidado con el medio ambiente, respeto a la flora y la fauna de la zona, y cumplir con las normas que dicte el personal de guardaparques\u00bb, subray\u00f3.<\/p>\n<p style=\"text-align: justify;\">Se calcula que m\u00e1s de 5,000 visitantes recibir\u00e1 la Reserva Nacional de Paracas durante el feriado por Fiestas Patrias.<\/p>\n<p style=\"text-align: justify;\">De acuerdo al titular del Sernanp, las \u00e1reas naturales protegidas, como Paracas, est\u00e1n experimentando un incremento del 5 por ciento de visitantes con relaci\u00f3n a los a\u00f1os anteriores.<\/p>\n<p>F\/ Andina<\/p>\n","protected":false},"excerpt":{"rendered":"<p>Lima, jul. 23. El Centro de Interpretaci\u00f3n de la Reserva Natural de Paracas, en la regi\u00f3n Ica, recibir\u00e1 al p\u00fablico de manera gratuita durante los d\u00edas feriados por Fiestas Patrias, inform\u00f3 el Servicio Nacional de \u00c1reas Naturales Protegidas (Sernanp). Pedro Gamboa, jefe del Sernanp, detall\u00f3 que este Centro de Interpretaci\u00f3n es un lugar donde se muestra todos los detalles que el turista conocer\u00e1 en el Reserva Natural de Paracas, para que disfrute la visita bien informado. \u00abSolamente ingresa con su ticket para visitar la reserva y va a tener adem\u00e1s la experiencia de conocer todos los atractivos tur\u00edsticos y de&#8230;<\/p>\n","protected":false},"author":1,"featured_media":0,"comment_status":"open","ping_status":"open","sticky":false,"template":"","format":"standard","meta":{"footnotes":""},"categories":[4,82],"tags":[2330,4750,749],"class_list":["post-14635","post","type-post","status-publish","format-standard","hentry","category-breaking-news","category-nacionales","tag-fiestas-patrias","tag-reserva-natural-de-paracas","tag-turistamagazine"],"_links":{"self":[{"href":"https:\/\/www.turistamagazine.com\/v2\/index.php?rest_route=\/wp\/v2\/posts\/14635","targetHints":{"allow":["GET"]}}],"collection":[{"href":"https:\/\/www.turistamagazine.com\/v2\/index.php?rest_route=\/wp\/v2\/posts"}],"about":[{"href":"https:\/\/www.turistamagazine.com\/v2\/index.php?rest_route=\/wp\/v2\/types\/post"}],"author":[{"embeddable":true,"href":"https:\/\/www.turistamagazine.com\/v2\/index.php?rest_route=\/wp\/v2\/users\/1"}],"replies":[{"embeddable":true,"href":"https:\/\/www.turistamagazine.com\/v2\/index.php?rest_route=%2Fwp%2Fv2%2Fcomments&post=14635"}],"version-history":[{"count":1,"href":"https:\/\/www.turistamagazine.com\/v2\/index.php?rest_route=\/wp\/v2\/posts\/14635\/revisions"}],"predecessor-version":[{"id":14637,"href":"https:\/\/www.turistamagazine.com\/v2\/index.php?rest_route=\/wp\/v2\/posts\/14635\/revisions\/14637"}],"wp:attachment":[{"href":"https:\/\/www.turistamagazine.com\/v2\/index.php?rest_route=%2Fwp%2Fv2%2Fmedia&parent=14635"}],"wp:term":[{"taxonomy":"category","embeddable":true,"href":"https:\/\/www.turistamagazine.com\/v2\/index.php?rest_route=%2Fwp%2Fv2%2Fcategories&post=14635"},{"taxonomy":"post_tag","embeddable":true,"href":"https:\/\/www.turistamagazine.com\/v2\/index.php?rest_route=%2Fwp%2Fv2%2Ftags&post=14635"}],"curies":[{"name":"wp","href":"https:\/\/api.w.org\/{rel}","templated":true}]}}