{"id":14624,"date":"2015-07-23T07:22:46","date_gmt":"2015-07-23T12:22:46","guid":{"rendered":"http:\/\/www.turistamagazine.com\/v2\/?p=14624"},"modified":"2015-07-23T07:22:46","modified_gmt":"2015-07-23T12:22:46","slug":"fiestas-patrias-en-el-peru","status":"publish","type":"post","link":"https:\/\/www.turistamagazine.com\/v2\/?p=14624","title":{"rendered":"FIESTAS PATRIAS EN EL PERU"},"content":{"rendered":"<p style=\"text-align: justify;\">Las Fiestas Patrias as\u00ed como todas las grandes celebraciones en nuestro pa\u00eds, est\u00e1n precedidas de m\u00faltiples celebraciones, tanto en Lima como en el interior, ya es parte de las mismas que el gobierno declare d\u00eda no laborable, el d\u00eda anterior o intermedio de estas grandes celebraciones supuestamente para propiciar el turismo.<\/p>\n<p style=\"text-align: justify;\">Grande fue la sorpresa e incomodidad \u00a0de los trabajadores cuando a la 13:31 del d\u00eda 22 de julio declarara el Ministro de trabajo, oficialmente la noticia est\u00e1 en\u00a0 \u00a0la agencia Andina \u00a0y en los medios principales <strong><span style=\"color: #000080;\"><em>\u201cNo va a ser feriado largo este 27 de julio. Hicimos la evaluaci\u00f3n correspondiente y de todos los sectores se ha establecido que en realidad el Per\u00fa, en estos momentos, no puede parar m\u00e1s es lo que se que se pierde que lo que se gana econ\u00f3micamente\u201d.<\/em><\/span><\/strong><\/p>\n<p style=\"text-align: justify;\"><strong><span style=\"color: #000080;\"><em>\u201cTodos esos aspectos se han tomado en cuenta a fin de decidir por lo menos, por esta vez, que el 27 no ser\u00e1 feriado y adem\u00e1s ser\u00e1 un compromiso para todos los peruanos de aportar con nuestro trabajo por las Fiestas Patrias\u201d(Sic)<\/em><\/span><\/strong><\/p>\n<p style=\"text-align: justify;\">Nosotros en TuristamagazineDestinos tambi\u00e9n la insertamos, puesto que sab\u00edamos que habr\u00edan reacciones en contra. Naturalmente la mandamos a la<em> <\/em>papelera \u00a0unas horas despu\u00e9s cuando a las 6:30 el Ministro Daniel Maurate en entrevista con Mariela Balbi en RPP <em>declaraba \u00a0<strong><span style=\"color: #000080;\">\u201cque si bien inicialmente se decidi\u00f3 descartar el feriado, el Consejo de Ministros, tras un intenso debate en su sesi\u00f3n del mi\u00e9rcoles, acord\u00f3 que sea feriado\u201d.<\/span><\/strong><\/em><\/p>\n<p style=\"text-align: justify;\">El ministro de Trabajo consider\u00f3 que la decisi\u00f3n es <strong><span style=\"color: #000080;\"><em>\u201cuna buena noticia\u201d <\/em><\/span><\/strong>para todos los trabajadores del Per\u00fa, puesto que propiciar\u00eda el descanso y la uni\u00f3n familiar.<\/p>\n<p style=\"text-align: justify;\">Asimismo el ministro explic\u00f3 <strong><span style=\"color: #000080;\"><em>\u201cque al principio hubo resistencia de declarar este feriado \u201cpuente\u201d al considerar que podr\u00eda afectarse la productividad y el crecimiento del PBI. Sin embargo, tras el an\u00e1lisis en el Consejo de Ministros, se tom\u00f3 la decisi\u00f3n de declarar el feriado\u201d.<\/em><\/span><\/strong><\/p>\n<p style=\"text-align: justify;\">\u00a0<strong>Nosotros no somos partidarios de los feriados largos, sin embargo el feriado largo por fiestas Patrias, es toda una tradici\u00f3n\u2026<\/strong><\/p>\n<p style=\"text-align: justify;\"><em><strong><span style=\"color: #000080;\">No queremos entrar en comentarios pol\u00edticos\u00a0 que no es nuestro tema, pero esta \u00a0patinada del Concejo de Ministros \u00bf?\u2026 No es nada auspiciosa para la gobernabilidad del pa\u00eds\u2026<\/span><\/strong><\/em><\/p>\n<p style=\"text-align: right;\"><strong>Elena Villar<\/strong><\/p>\n<p style=\"text-align: right;\"><strong>Directora<\/strong><\/p>\n<p>&nbsp;<\/p>\n<p>&nbsp;<\/p>\n","protected":false},"excerpt":{"rendered":"<p>Las Fiestas Patrias as\u00ed como todas las grandes celebraciones en nuestro pa\u00eds, est\u00e1n precedidas de m\u00faltiples celebraciones, tanto en Lima como en el interior, ya es parte de las mismas que el gobierno declare d\u00eda no laborable, el d\u00eda anterior o intermedio de estas grandes celebraciones supuestamente para propiciar el turismo. Grande fue la sorpresa e incomodidad \u00a0de los trabajadores cuando a la 13:31 del d\u00eda 22 de julio declarara el Ministro de trabajo, oficialmente la noticia est\u00e1 en\u00a0 \u00a0la agencia Andina \u00a0y en los medios principales \u201cNo va a ser feriado largo este 27 de julio. Hicimos la evaluaci\u00f3n&#8230;<\/p>\n","protected":false},"author":1,"featured_media":0,"comment_status":"open","ping_status":"open","sticky":false,"template":"","format":"standard","meta":{"footnotes":""},"categories":[345],"tags":[4744,2330,340,330,749],"class_list":["post-14624","post","type-post","status-publish","format-standard","hentry","category-editorial","tag-27-dia-no-laborable","tag-fiestas-patrias","tag-peru","tag-turismo-en-el-peru","tag-turistamagazine"],"_links":{"self":[{"href":"https:\/\/www.turistamagazine.com\/v2\/index.php?rest_route=\/wp\/v2\/posts\/14624","targetHints":{"allow":["GET"]}}],"collection":[{"href":"https:\/\/www.turistamagazine.com\/v2\/index.php?rest_route=\/wp\/v2\/posts"}],"about":[{"href":"https:\/\/www.turistamagazine.com\/v2\/index.php?rest_route=\/wp\/v2\/types\/post"}],"author":[{"embeddable":true,"href":"https:\/\/www.turistamagazine.com\/v2\/index.php?rest_route=\/wp\/v2\/users\/1"}],"replies":[{"embeddable":true,"href":"https:\/\/www.turistamagazine.com\/v2\/index.php?rest_route=%2Fwp%2Fv2%2Fcomments&post=14624"}],"version-history":[{"count":1,"href":"https:\/\/www.turistamagazine.com\/v2\/index.php?rest_route=\/wp\/v2\/posts\/14624\/revisions"}],"predecessor-version":[{"id":14625,"href":"https:\/\/www.turistamagazine.com\/v2\/index.php?rest_route=\/wp\/v2\/posts\/14624\/revisions\/14625"}],"wp:attachment":[{"href":"https:\/\/www.turistamagazine.com\/v2\/index.php?rest_route=%2Fwp%2Fv2%2Fmedia&parent=14624"}],"wp:term":[{"taxonomy":"category","embeddable":true,"href":"https:\/\/www.turistamagazine.com\/v2\/index.php?rest_route=%2Fwp%2Fv2%2Fcategories&post=14624"},{"taxonomy":"post_tag","embeddable":true,"href":"https:\/\/www.turistamagazine.com\/v2\/index.php?rest_route=%2Fwp%2Fv2%2Ftags&post=14624"}],"curies":[{"name":"wp","href":"https:\/\/api.w.org\/{rel}","templated":true}]}}