{"id":1445,"date":"2014-02-08T06:57:30","date_gmt":"2014-02-08T11:57:30","guid":{"rendered":"http:\/\/www.turistamagazine.com\/v2\/?p=1445"},"modified":"2014-02-08T07:13:32","modified_gmt":"2014-02-08T12:13:32","slug":"1445","status":"publish","type":"post","link":"https:\/\/www.turistamagazine.com\/v2\/?p=1445","title":{"rendered":"PERU: GOBIERNO SE COMPROMETE A CONSTRUIR CARRETERA TACNA-COLLPA"},"content":{"rendered":"<p style=\"text-align: justify;\">\u00a0El Gobierno central financiar\u00e1 la construcci\u00f3n de la carretera Tacna-Collpa que, con una longitud de 170 kil\u00f3metros, permitir\u00e1 a los tacne\u00f1os conectarse con la ciudad de La Paz, en Bolivia, anunci\u00f3 hoy el ministro de Transportes y Comunicaciones, Carlos Paredes.<\/p>\n<p style=\"text-align: justify;\">\u00abLa carretera Tacna hasta Collpa, que nos conecta con Bolivia. Son casi 170 kil\u00f3metros que nos comprometemos en pavimentar. El gobierno regional ya culmin\u00f3 los estudios de factibilidad y nosotros asumiremos la competencia para contratar los estudios que faltan y ejecutaremos la obra lo m\u00e1s pronto posible\u00bb, anot\u00f3.<\/p>\n<p style=\"text-align: justify;\">Precis\u00f3 que esta obra forma parte de un paquete de proyectos viales a favor de la regi\u00f3n Tacna que ser\u00e1n asumidos por el Ministerio de Transportes y Comunicaciones (MTC) y que comprometen una inversi\u00f3n total de 1,044 millones de soles.<\/p>\n<p style=\"text-align: justify;\">Mencion\u00f3 en tal sentido la pr\u00f3xima construcci\u00f3n de la carretera desde el desv\u00edo Majales hasta Desaguadero; de Tacna-Tarata hasta Mazocruz (Puno).<\/p>\n<p style=\"text-align: justify;\">\u00abLos estudios los estamos terminando y antes de fin de a\u00f1o convocaremos a la ejecuci\u00f3n de la obra\u00bb, subray\u00f3.<\/p>\n<p style=\"text-align: justify;\">En esa misma l\u00ednea, anunci\u00f3 que el MTC llevar\u00e1 a cabo los estudios del ferrocarril Tacna-Arica y del puerto Grau, para poder ejecutar estas obras los antes posible.<\/p>\n<p style=\"text-align: justify;\">Tambi\u00e9n dijo que el MTC impulsar\u00e1 la ejecuci\u00f3n de una serie de obras vinculadas a telecomunicaciones como la instalaci\u00f3n en Tacna de la fibra \u00f3ptima, permitiendo mayor velocidad en las comunicaciones a favor de los distritos m\u00e1s alejados de esta regi\u00f3n.<\/p>\n<p style=\"text-align: justify;\"><strong><span style=\"color: #000080;\">Educaci\u00f3n<\/span><\/strong><\/p>\n<p style=\"text-align: justify;\">Por su parte, el ministro de Educaci\u00f3n, Jaime Saavedra, anunci\u00f3 la ejecuci\u00f3n de una serie de obras de infraestructura educativa por 44 millones de soles a favor de la ni\u00f1ez de Tacna, y que incluir\u00e1 la construcci\u00f3n de un colegio emblem\u00e1tico.<\/p>\n<p style=\"text-align: justify;\">Asimismo, inform\u00f3 que se invertir\u00e1 en la realizaci\u00f3n de varios talleres de capacitaci\u00f3n para profesores y directores de Tacna, principalmente a los docentes de inicial y primaria.<\/p>\n<p style=\"text-align: justify;\">Para los j\u00f3venes, anunci\u00f3 que se invertir\u00e1 para otorgar 347 becas para los j\u00f3venes\u00a0 de Tacna para que se preparen en las mejores universidades e institutos t\u00e9cnicos del Per\u00fa. Por su parte, el ministro de Vivienda, Construcci\u00f3n y Saneamiento, Ren\u00e9 Cornejo, anunci\u00f3 que durante el 2014 se triplicar\u00e1 la inversi\u00f3n en agua potable, pistas y veredas en la regi\u00f3n Tacna. A su turno, el ministro de Agricultura y Riego, Milton von Hesse, anunci\u00f3 la ejecuci\u00f3n del proyecto de irrigaci\u00f3n de Vilavilani II, permitiendo que se resuelva el problema de escasez de agua en Tacna.<\/p>\n","protected":false},"excerpt":{"rendered":"<p>\u00a0El Gobierno central financiar\u00e1 la construcci\u00f3n de la carretera Tacna-Collpa que, con una longitud de 170 kil\u00f3metros, permitir\u00e1 a los tacne\u00f1os conectarse con la ciudad de La Paz, en Bolivia, anunci\u00f3 hoy el ministro de Transportes y Comunicaciones, Carlos Paredes. \u00abLa carretera Tacna hasta Collpa, que nos conecta con Bolivia. Son casi 170 kil\u00f3metros que nos comprometemos en pavimentar. El gobierno regional ya culmin\u00f3 los estudios de factibilidad y nosotros asumiremos la competencia para contratar los estudios que faltan y ejecutaremos la obra lo m\u00e1s pronto posible\u00bb, anot\u00f3. Precis\u00f3 que esta obra forma parte de un paquete de proyectos viales&#8230;<\/p>\n","protected":false},"author":1,"featured_media":0,"comment_status":"open","ping_status":"open","sticky":false,"template":"","format":"standard","meta":{"footnotes":""},"categories":[4,82],"tags":[236,138,453,330],"class_list":["post-1445","post","type-post","status-publish","format-standard","hentry","category-breaking-news","category-nacionales","tag-ollanta-humala","tag-tacna","tag-tacna-collpa","tag-turismo-en-el-peru"],"_links":{"self":[{"href":"https:\/\/www.turistamagazine.com\/v2\/index.php?rest_route=\/wp\/v2\/posts\/1445","targetHints":{"allow":["GET"]}}],"collection":[{"href":"https:\/\/www.turistamagazine.com\/v2\/index.php?rest_route=\/wp\/v2\/posts"}],"about":[{"href":"https:\/\/www.turistamagazine.com\/v2\/index.php?rest_route=\/wp\/v2\/types\/post"}],"author":[{"embeddable":true,"href":"https:\/\/www.turistamagazine.com\/v2\/index.php?rest_route=\/wp\/v2\/users\/1"}],"replies":[{"embeddable":true,"href":"https:\/\/www.turistamagazine.com\/v2\/index.php?rest_route=%2Fwp%2Fv2%2Fcomments&post=1445"}],"version-history":[{"count":5,"href":"https:\/\/www.turistamagazine.com\/v2\/index.php?rest_route=\/wp\/v2\/posts\/1445\/revisions"}],"predecessor-version":[{"id":1459,"href":"https:\/\/www.turistamagazine.com\/v2\/index.php?rest_route=\/wp\/v2\/posts\/1445\/revisions\/1459"}],"wp:attachment":[{"href":"https:\/\/www.turistamagazine.com\/v2\/index.php?rest_route=%2Fwp%2Fv2%2Fmedia&parent=1445"}],"wp:term":[{"taxonomy":"category","embeddable":true,"href":"https:\/\/www.turistamagazine.com\/v2\/index.php?rest_route=%2Fwp%2Fv2%2Fcategories&post=1445"},{"taxonomy":"post_tag","embeddable":true,"href":"https:\/\/www.turistamagazine.com\/v2\/index.php?rest_route=%2Fwp%2Fv2%2Ftags&post=1445"}],"curies":[{"name":"wp","href":"https:\/\/api.w.org\/{rel}","templated":true}]}}