{"id":14415,"date":"2015-07-15T14:10:24","date_gmt":"2015-07-15T19:10:24","guid":{"rendered":"http:\/\/www.turistamagazine.com\/v2\/?p=14415"},"modified":"2015-07-15T14:14:47","modified_gmt":"2015-07-15T19:14:47","slug":"jw-marriott-lima-celebrara-el-espiritu-patrio-con-un-exquisito-buffet-criollo-2","status":"publish","type":"post","link":"https:\/\/www.turistamagazine.com\/v2\/?p=14415","title":{"rendered":"JW MARRIOTT LIMA CELEBRAR\u00c1 EL ESP\u00cdRITU PATRIO CON UN  EXQUISITO BUFFET CRIOLLO"},"content":{"rendered":"<p style=\"text-align: justify;\">\u00a0 \u00a0 \u00a0 \u00a0 \u00a0 \u00a0 Julio Ferradas Chef Ejecutivo y su equipo los invitan a disfrutar del estupendo Buffet Patrio los d\u00edas\u00a0 martes 28 y mi\u00e9rcoles 29 de julio.<\/p>\n<p style=\"text-align: justify;\">\u00a0 \u00a0 \u00a0 \u00a0 \u00a0 Por la noche el Marriott los espera\u00a0 con una promoci\u00f3n 2&#215;1 en todos sus chilcanos.<\/p>\n<p style=\"text-align: justify;\">\u00a0<span style=\"text-align: justify;\">A partir del mediod\u00eda hasta las cuatro de la tarde el JW Marriott Lima presentar\u00e1 un exquisito buffet criollo en el restaurant La Vista\u00a0 los\u00a0 d\u00edas martes 28\u00a0 y mi\u00e9rcoles 29 como parte de las celebraciones por Fiestas Patrias acompa\u00f1ado de m\u00fasica criolla en vivo.<\/span><\/p>\n<p style=\"text-align: justify;\">Una exquisita selecci\u00f3n de los mejores platos criollos ser\u00e1 dividida en diferentes estaciones vivas de ceviches, saltados, anticuchos, sopas, ensaladas, platos de fondo y\u00a0 postres\u00a0 que\u00a0 incluye una copa de vino, estaci\u00f3n de\u00a0 chilcanos y el mejor pisco sour ilimitado.<\/p>\n<div id=\"attachment_14418\" style=\"width: 310px\" class=\"wp-caption aligncenter\"><a href=\"https:\/\/www.turistamagazine.com\/v2\/wp-content\/uploads\/2015\/07\/Julio-y-Valery.jpg\"><img decoding=\"async\" aria-describedby=\"caption-attachment-14418\" class=\"size-medium wp-image-14418\" title=\"Julio  y Valery los esperan en el restaurante La Vista para sorprenderlos con sus exquisitas creaciones gastron\u00edmicas\" src=\"https:\/\/www.turistamagazine.com\/v2\/wp-content\/uploads\/2015\/07\/Julio-y-Valery-300x203.jpg\" alt=\"\" width=\"300\" height=\"203\" \/><\/a><p id=\"caption-attachment-14418\" class=\"wp-caption-text\">Julio y Valery los esperan en el restaurante La Vista para sorprenderlos con sus exquisitas creaciones gastron\u00edmicas<\/p><\/div>\n<p style=\"text-align: justify;\">Asimismo, a partir de las ocho de la noche\u00a0 la celebraci\u00f3n continuar\u00e1 en el JW Sushi &amp; Ceviche Lounge con una estupenda promoci\u00f3n de 2&#215;1 en chilcanos hasta la medianoche acompa\u00f1ado de m\u00fasica en vivo para convertirla en una experiencia inolvidable para todos los visitantes.<\/p>\n<p style=\"text-align: justify;\">Reservas al: 217 7000 Ext. 6217\/6265 o al e-mail restybars.lima@marriott.com<\/p>\n","protected":false},"excerpt":{"rendered":"<p>\u00a0 \u00a0 \u00a0 \u00a0 \u00a0 \u00a0 Julio Ferradas Chef Ejecutivo y su equipo los invitan a disfrutar del estupendo Buffet Patrio los d\u00edas\u00a0 martes 28 y mi\u00e9rcoles 29 de julio. \u00a0 \u00a0 \u00a0 \u00a0 \u00a0 Por la noche el Marriott los espera\u00a0 con una promoci\u00f3n 2&#215;1 en todos sus chilcanos. \u00a0A partir del mediod\u00eda hasta las cuatro de la tarde el JW Marriott Lima presentar\u00e1 un exquisito buffet criollo en el restaurant La Vista\u00a0 los\u00a0 d\u00edas martes 28\u00a0 y mi\u00e9rcoles 29 como parte de las celebraciones por Fiestas Patrias acompa\u00f1ado de m\u00fasica criolla en vivo. Una exquisita selecci\u00f3n de los&#8230;<\/p>\n","protected":false},"author":1,"featured_media":0,"comment_status":"open","ping_status":"open","sticky":false,"template":"","format":"standard","meta":{"footnotes":""},"categories":[4,82],"tags":[2330,866,321,749],"class_list":["post-14415","post","type-post","status-publish","format-standard","hentry","category-breaking-news","category-nacionales","tag-fiestas-patrias","tag-jw-marriott-lima","tag-lima","tag-turistamagazine"],"_links":{"self":[{"href":"https:\/\/www.turistamagazine.com\/v2\/index.php?rest_route=\/wp\/v2\/posts\/14415","targetHints":{"allow":["GET"]}}],"collection":[{"href":"https:\/\/www.turistamagazine.com\/v2\/index.php?rest_route=\/wp\/v2\/posts"}],"about":[{"href":"https:\/\/www.turistamagazine.com\/v2\/index.php?rest_route=\/wp\/v2\/types\/post"}],"author":[{"embeddable":true,"href":"https:\/\/www.turistamagazine.com\/v2\/index.php?rest_route=\/wp\/v2\/users\/1"}],"replies":[{"embeddable":true,"href":"https:\/\/www.turistamagazine.com\/v2\/index.php?rest_route=%2Fwp%2Fv2%2Fcomments&post=14415"}],"version-history":[{"count":3,"href":"https:\/\/www.turistamagazine.com\/v2\/index.php?rest_route=\/wp\/v2\/posts\/14415\/revisions"}],"predecessor-version":[{"id":14419,"href":"https:\/\/www.turistamagazine.com\/v2\/index.php?rest_route=\/wp\/v2\/posts\/14415\/revisions\/14419"}],"wp:attachment":[{"href":"https:\/\/www.turistamagazine.com\/v2\/index.php?rest_route=%2Fwp%2Fv2%2Fmedia&parent=14415"}],"wp:term":[{"taxonomy":"category","embeddable":true,"href":"https:\/\/www.turistamagazine.com\/v2\/index.php?rest_route=%2Fwp%2Fv2%2Fcategories&post=14415"},{"taxonomy":"post_tag","embeddable":true,"href":"https:\/\/www.turistamagazine.com\/v2\/index.php?rest_route=%2Fwp%2Fv2%2Ftags&post=14415"}],"curies":[{"name":"wp","href":"https:\/\/api.w.org\/{rel}","templated":true}]}}