{"id":14233,"date":"2015-07-07T21:50:16","date_gmt":"2015-07-08T02:50:16","guid":{"rendered":"http:\/\/www.turistamagazine.com\/v2\/?p=14233"},"modified":"2015-07-07T21:50:16","modified_gmt":"2015-07-08T02:50:16","slug":"la-quinua-y-el-pisco-bien-peruanos-que-son","status":"publish","type":"post","link":"https:\/\/www.turistamagazine.com\/v2\/?p=14233","title":{"rendered":"LA QUINUA\u2026 Y  EL PISCO\u2026 BIEN PERUANOS QUE SON\u2026"},"content":{"rendered":"<p style=\"text-align: justify;\"><span style=\"color: #000080;\"><strong>FRAN CA MENTE.-<\/strong><\/span>\u00a0La ministra \u00a0de comercio exterior y\u2026 TURISMO, Magali Silva \u00a0sali\u00f3 con el pie en alto a defender nuestra quinua de la audacia chilena, al presentar la quinua y el pisco como productos chilenos en la famosa \u00a0feria gastron\u00f3mica Expo Milan 2015, diciendo\u00a0<span style=\"color: #000080;\"><strong><em>\u201cLos peruanos estamos orgullosos de la quinua y el pisco. El mundo sabe d\u00f3nde se producen y qui\u00e9nes son los que lo producen\u201d, \u00bfEl mundo? No sea inocente Sra. Ministra\u2026<\/em>\u00a0<\/strong><\/span>\u00a0Supuestamente el Per\u00fa no ten\u00eda un stand especial sino uno compartido\u00a0<strong>\u00bf?\u00a0<\/strong>primero se dijo que Promper\u00fa, luego que \u00a0la Ministra Silva, \u00a0y por \u00faltimo la Canciller\u00eda\u2026 Naturalmente que, la ahora ex canciller y \u00a0ex ministra de Relaciones Exteriores Eda Rivas ha negado que la Canciller\u00eda tenga responsabilidad en el asunto y ha declarado\u00a0<span style=\"color: #000080;\"><strong><em>\u201cque incluso durante su gesti\u00f3n se trabaj\u00f3 durante dos a\u00f1os para el evento y se separ\u00f3 un stand pero Miguel Castilla, Ministro de Econom\u00eda en ese momento \u00a0le dijo, que no ten\u00edan presupuesto, \u00a0\u00a0mas coloquialmente \u201cque no hab\u00eda plata\u201d\u2026<\/em><\/strong><\/span><\/p>\n<p style=\"text-align: justify;\"><span style=\"color: #000080;\"><strong><em>No,no,no, no hay que llorar sobre la leche derramada, <\/em><\/strong><em>c<\/em><\/span>omo siempre Chile aprovech\u00f3 el mercado de la oportunidad, y sabiendo que el Per\u00fa no estar\u00eda presente, no tuvo mejor idea que decir que estos productos emblem\u00e1tico peruanos, eran chilenos\u2026 <strong><em><span style=\"color: #000080;\">Para que buscar culpables\u2026 \u00a0Para la memoria tan fr\u00e1gil que tenemos los peruanos no vale la pena tanto \u201cesfuerzo\u201d\u2026 Lo m\u00e1s f\u00e1cil como siempre\u2026 La culpa la tiene la vaca\u2026 la pobre vaca que no puede decir ni muuuu\u2026<\/span><\/em> <span style=\"color: #000080;\">FRAN -CA -MENTE.<\/span><\/strong><\/p>\n","protected":false},"excerpt":{"rendered":"<p>FRAN CA MENTE.-\u00a0La ministra \u00a0de comercio exterior y\u2026 TURISMO, Magali Silva \u00a0sali\u00f3 con el pie en alto a defender nuestra quinua de la audacia chilena, al presentar la quinua y el pisco como productos chilenos en la famosa \u00a0feria gastron\u00f3mica Expo Milan 2015, diciendo\u00a0\u201cLos peruanos estamos orgullosos de la quinua y el pisco. El mundo sabe d\u00f3nde se producen y qui\u00e9nes son los que lo producen\u201d, \u00bfEl mundo? No sea inocente Sra. Ministra\u2026\u00a0\u00a0Supuestamente el Per\u00fa no ten\u00eda un stand especial sino uno compartido\u00a0\u00bf?\u00a0primero se dijo que Promper\u00fa, luego que \u00a0la Ministra Silva, \u00a0y por \u00faltimo la Canciller\u00eda\u2026 Naturalmente que, la&#8230;<\/p>\n","protected":false},"author":1,"featured_media":0,"comment_status":"open","ping_status":"open","sticky":false,"template":"","format":"standard","meta":{"footnotes":""},"categories":[346],"tags":[934,4614,4613,197,350,349,330,749],"class_list":["post-14233","post","type-post","status-publish","format-standard","hentry","category-francamente","tag-chile","tag-el-pisco","tag-la-quinua","tag-magali-silva","tag-mincetur","tag-promperu","tag-turismo-en-el-peru","tag-turistamagazine"],"_links":{"self":[{"href":"https:\/\/www.turistamagazine.com\/v2\/index.php?rest_route=\/wp\/v2\/posts\/14233","targetHints":{"allow":["GET"]}}],"collection":[{"href":"https:\/\/www.turistamagazine.com\/v2\/index.php?rest_route=\/wp\/v2\/posts"}],"about":[{"href":"https:\/\/www.turistamagazine.com\/v2\/index.php?rest_route=\/wp\/v2\/types\/post"}],"author":[{"embeddable":true,"href":"https:\/\/www.turistamagazine.com\/v2\/index.php?rest_route=\/wp\/v2\/users\/1"}],"replies":[{"embeddable":true,"href":"https:\/\/www.turistamagazine.com\/v2\/index.php?rest_route=%2Fwp%2Fv2%2Fcomments&post=14233"}],"version-history":[{"count":1,"href":"https:\/\/www.turistamagazine.com\/v2\/index.php?rest_route=\/wp\/v2\/posts\/14233\/revisions"}],"predecessor-version":[{"id":14234,"href":"https:\/\/www.turistamagazine.com\/v2\/index.php?rest_route=\/wp\/v2\/posts\/14233\/revisions\/14234"}],"wp:attachment":[{"href":"https:\/\/www.turistamagazine.com\/v2\/index.php?rest_route=%2Fwp%2Fv2%2Fmedia&parent=14233"}],"wp:term":[{"taxonomy":"category","embeddable":true,"href":"https:\/\/www.turistamagazine.com\/v2\/index.php?rest_route=%2Fwp%2Fv2%2Fcategories&post=14233"},{"taxonomy":"post_tag","embeddable":true,"href":"https:\/\/www.turistamagazine.com\/v2\/index.php?rest_route=%2Fwp%2Fv2%2Ftags&post=14233"}],"curies":[{"name":"wp","href":"https:\/\/api.w.org\/{rel}","templated":true}]}}