{"id":14205,"date":"2015-07-07T09:27:21","date_gmt":"2015-07-07T14:27:21","guid":{"rendered":"http:\/\/www.turistamagazine.com\/v2\/?p=14205"},"modified":"2015-07-07T09:27:21","modified_gmt":"2015-07-07T14:27:21","slug":"junin-promovera-en-lima-atractivos-turisticos-con-miras-a-fiestas-patrias","status":"publish","type":"post","link":"https:\/\/www.turistamagazine.com\/v2\/?p=14205","title":{"rendered":"JUN\u00cdN PROMOVER\u00c1 EN LIMA ATRACTIVOS TUR\u00cdSTICOS CON MIRAS A FIESTAS PATRIAS"},"content":{"rendered":"<p style=\"text-align: justify;\">Lima, jul. 07. Jun\u00edn organizar\u00e1 una expoferia informativa en la ciudad de Lima durante tres d\u00edas, con el objetivo de atraer a la mayor cantidad de visitantes a la regi\u00f3n y que el sector turismo se recupere ya que registr\u00f3 p\u00e9rdidas importantes por los huaycos registrados en la Carretera Central, inform\u00f3 hoy una autoridad local.<\/p>\n<p style=\"text-align: justify;\">El titular de la Dircetur Jun\u00edn, Michelle Antignani, sostuvo que las autoridades regionales estar\u00e1n en la capital para promover los principales destinos de las nueve provincias de la regi\u00f3n.<\/p>\n<p style=\"text-align: justify;\">\u00abEstamos llevando a Lima los d\u00edas 16, 17 y 18 de julio una expoferia informativa sobre todos los atractivos que tenemos, promoviendo el destino \u00abJun\u00edn Festivo\u00bb en el Open Plaza de Angamos y Tom\u00e1s Marsano, con el fin de atraer a m\u00e1s turistas a la regi\u00f3n para los feriados largos de Fiestas Patrias\u00bb, expres\u00f3.<\/p>\n<p style=\"text-align: justify;\">Agreg\u00f3 que durante estos d\u00edas se organizar\u00e1n estampas itinerantes en Lima, con m\u00fasicos y danzas de Jun\u00edn, que se presentar\u00e1n en diversos puntos de la capital, donde existe una gran concentraci\u00f3n de personas, con el fin de que conozcan el folclor de esta regi\u00f3n de la sierra central.<\/p>\n<p style=\"text-align: justify;\">Dijo que esta \u00e9poca del a\u00f1o es ideal para visitar los principales atractivos como el lago Jun\u00edn, donde existe todo un ecosistema de gran importancia para las aves acu\u00e1ticas altoandinas y en sus orillas se encuentran pueblos dedicados a la ganader\u00eda y la agricultura.<\/p>\n<p style=\"text-align: justify;\">Otro de los puntos obligados es el convento de Santa Rosa de Ocopa, a 25 kil\u00f3metros de la ciudad de Huancayo, que tiene una gran colecci\u00f3n de pinturas, libros e importantes tallados en madera.<\/p>\n<p style=\"text-align: justify;\">Tambi\u00e9n parte de la selva de Jun\u00edn ser\u00e1 difundida como el valle de Chanchamayo, adem\u00e1s de la variada gastronom\u00eda que seduce a los visitantes que llegan a esta regi\u00f3n.<\/p>\n<p style=\"text-align: justify;\">El titular de la Directur recalc\u00f3 en la importancia de difundir este tipo de actividades y confirm\u00f3 que el gobernador regional de Jun\u00edn, \u00c1ngel Unchupaico, estar\u00e1 presente en la inauguraci\u00f3n el 16 y julio y participar\u00e1n tambi\u00e9n los nueve alcaldes provinciales.<\/p>\n<p style=\"text-align: justify;\">Antignani record\u00f3 que Jun\u00edn registr\u00f3 importantes p\u00e9rdidas durante los feriados de Semana Santa, ya que los huaicos en la Carretera Central, no permitieron que lleguen de manera masiva los turistas, lo que afect\u00f3 seriamente al sector turismo, que espera ahora recuperarse en los feriados de Fiestas Patrias.<\/p>\n<p style=\"text-align: justify;\">Agreg\u00f3 que ya se realizan las coordinaciones con el Ministerio de Transportes, para que la Carretera Central mantenga una fluidez que garantice la llegada de m\u00e1s turistas durante los d\u00edas feriados del mes de julio.<\/p>\n","protected":false},"excerpt":{"rendered":"<p>Lima, jul. 07. Jun\u00edn organizar\u00e1 una expoferia informativa en la ciudad de Lima durante tres d\u00edas, con el objetivo de atraer a la mayor cantidad de visitantes a la regi\u00f3n y que el sector turismo se recupere ya que registr\u00f3 p\u00e9rdidas importantes por los huaycos registrados en la Carretera Central, inform\u00f3 hoy una autoridad local. El titular de la Dircetur Jun\u00edn, Michelle Antignani, sostuvo que las autoridades regionales estar\u00e1n en la capital para promover los principales destinos de las nueve provincias de la regi\u00f3n. \u00abEstamos llevando a Lima los d\u00edas 16, 17 y 18 de julio una expoferia informativa sobre&#8230;<\/p>\n","protected":false},"author":1,"featured_media":14206,"comment_status":"open","ping_status":"open","sticky":false,"template":"","format":"standard","meta":{"footnotes":""},"categories":[4,82],"tags":[2330,613,321,340,117,330,749],"class_list":["post-14205","post","type-post","status-publish","format-standard","has-post-thumbnail","hentry","category-breaking-news","category-nacionales","tag-fiestas-patrias","tag-junin","tag-lima","tag-peru","tag-promocion-turistica","tag-turismo-en-el-peru","tag-turistamagazine"],"_links":{"self":[{"href":"https:\/\/www.turistamagazine.com\/v2\/index.php?rest_route=\/wp\/v2\/posts\/14205","targetHints":{"allow":["GET"]}}],"collection":[{"href":"https:\/\/www.turistamagazine.com\/v2\/index.php?rest_route=\/wp\/v2\/posts"}],"about":[{"href":"https:\/\/www.turistamagazine.com\/v2\/index.php?rest_route=\/wp\/v2\/types\/post"}],"author":[{"embeddable":true,"href":"https:\/\/www.turistamagazine.com\/v2\/index.php?rest_route=\/wp\/v2\/users\/1"}],"replies":[{"embeddable":true,"href":"https:\/\/www.turistamagazine.com\/v2\/index.php?rest_route=%2Fwp%2Fv2%2Fcomments&post=14205"}],"version-history":[{"count":2,"href":"https:\/\/www.turistamagazine.com\/v2\/index.php?rest_route=\/wp\/v2\/posts\/14205\/revisions"}],"predecessor-version":[{"id":14209,"href":"https:\/\/www.turistamagazine.com\/v2\/index.php?rest_route=\/wp\/v2\/posts\/14205\/revisions\/14209"}],"wp:featuredmedia":[{"embeddable":true,"href":"https:\/\/www.turistamagazine.com\/v2\/index.php?rest_route=\/wp\/v2\/media\/14206"}],"wp:attachment":[{"href":"https:\/\/www.turistamagazine.com\/v2\/index.php?rest_route=%2Fwp%2Fv2%2Fmedia&parent=14205"}],"wp:term":[{"taxonomy":"category","embeddable":true,"href":"https:\/\/www.turistamagazine.com\/v2\/index.php?rest_route=%2Fwp%2Fv2%2Fcategories&post=14205"},{"taxonomy":"post_tag","embeddable":true,"href":"https:\/\/www.turistamagazine.com\/v2\/index.php?rest_route=%2Fwp%2Fv2%2Ftags&post=14205"}],"curies":[{"name":"wp","href":"https:\/\/api.w.org\/{rel}","templated":true}]}}