{"id":1405,"date":"2014-02-07T10:44:22","date_gmt":"2014-02-07T15:44:22","guid":{"rendered":"http:\/\/www.turistamagazine.com\/v2\/?p=1405"},"modified":"2014-02-07T10:44:22","modified_gmt":"2014-02-07T15:44:22","slug":"espana-alicante-lidera-el-crecimiento-de-empleo-turistico","status":"publish","type":"post","link":"https:\/\/www.turistamagazine.com\/v2\/?p=1405","title":{"rendered":"ESPA\u00d1A: ALICANTE LIDERA EL CRECIMIENTO DE EMPLEO TUR\u00cdSTICO"},"content":{"rendered":"<p>La provincia de Alicante \u201clider\u00f3 el aumento del empleo en el sector tur\u00edstico en 2013 con un crecimiento del 32,8% frente al 4% nacional\u201d, seg\u00fan ha informado el consejero de Econom\u00eda, Industria, Turismo y Empleo de la Comunidad Valenciana, M\u00e1ximo Buch.<\/p>\n<p>Asimismo, este incremento en la provincia de Alicante es superior al registrado en la Comunidad Valencia en 2013, que ha sido del 20,4%.<\/p>\n<p style=\"text-align: justify;\">En este sentido, Buch ha subrayado que uno de cada dos nuevos puestos de trabajo creados en Espa\u00f1a en el turismo se ha registrado en la Comunidad Valenciana, seg\u00fan los datos publicados por el Instituto de Turismo de Espa\u00f1a.<\/p>\n<p style=\"text-align: justify;\">El consejero ha destacado el importante incremento que se ha producido en el n\u00famero de aut\u00f3nomos en el sector tur\u00edstico en 2013 en la Comunidad, que ha registrado un crecimiento anual del 35,5%, mientras que el aumento medio de Espa\u00f1a ha sido del 7,4%.<\/p>\n<p style=\"text-align: justify;\">\u201cEstos datos nos sit\u00faan como la comunidad aut\u00f3noma l\u00edder en el incremento de aut\u00f3nomos en este importante sector para la econom\u00eda\u201d. El titular de Econom\u00eda ha hecho estas declaraciones tras la firma de un protocolo de colaboraci\u00f3n entre la Agencia Valenciana de Turismo y el Ayuntamiento de Altea para la incorporaci\u00f3n del municipio al Programa Invat.tur Emprende, un proyecto orientado a facilitar el emprendimiento en turismo en la Comunidad Valenciana.<\/p>\n<p style=\"text-align: justify;\">El consejero ha resaltado \u201cla importancia de esta actuaci\u00f3n para impulsar el fomento de nuevos emprendedores con base en innovaci\u00f3n tecnol\u00f3gica como elemento diferencial que va a favorecer la creaci\u00f3n de iniciativas generadoras de empleo y prosperidad\u201d.F\/ HOSTELTUR<\/p>\n<p style=\"text-align: justify;\">F\/ Internet<\/p>\n","protected":false},"excerpt":{"rendered":"<p>La provincia de Alicante \u201clider\u00f3 el aumento del empleo en el sector tur\u00edstico en 2013 con un crecimiento del 32,8% frente al 4% nacional\u201d, seg\u00fan ha informado el consejero de Econom\u00eda, Industria, Turismo y Empleo de la Comunidad Valenciana, M\u00e1ximo Buch. Asimismo, este incremento en la provincia de Alicante es superior al registrado en la Comunidad Valencia en 2013, que ha sido del 20,4%. En este sentido, Buch ha subrayado que uno de cada dos nuevos puestos de trabajo creados en Espa\u00f1a en el turismo se ha registrado en la Comunidad Valenciana, seg\u00fan los datos publicados por el Instituto de&#8230;<\/p>\n","protected":false},"author":1,"featured_media":0,"comment_status":"open","ping_status":"open","sticky":false,"template":"","format":"standard","meta":{"footnotes":""},"categories":[4,84],"tags":[440,442,441],"class_list":["post-1405","post","type-post","status-publish","format-standard","hentry","category-breaking-news","category-internacionales","tag-alicante","tag-instituto-de-turismo-de-espana","tag-maximo-buch"],"_links":{"self":[{"href":"https:\/\/www.turistamagazine.com\/v2\/index.php?rest_route=\/wp\/v2\/posts\/1405","targetHints":{"allow":["GET"]}}],"collection":[{"href":"https:\/\/www.turistamagazine.com\/v2\/index.php?rest_route=\/wp\/v2\/posts"}],"about":[{"href":"https:\/\/www.turistamagazine.com\/v2\/index.php?rest_route=\/wp\/v2\/types\/post"}],"author":[{"embeddable":true,"href":"https:\/\/www.turistamagazine.com\/v2\/index.php?rest_route=\/wp\/v2\/users\/1"}],"replies":[{"embeddable":true,"href":"https:\/\/www.turistamagazine.com\/v2\/index.php?rest_route=%2Fwp%2Fv2%2Fcomments&post=1405"}],"version-history":[{"count":3,"href":"https:\/\/www.turistamagazine.com\/v2\/index.php?rest_route=\/wp\/v2\/posts\/1405\/revisions"}],"predecessor-version":[{"id":1411,"href":"https:\/\/www.turistamagazine.com\/v2\/index.php?rest_route=\/wp\/v2\/posts\/1405\/revisions\/1411"}],"wp:attachment":[{"href":"https:\/\/www.turistamagazine.com\/v2\/index.php?rest_route=%2Fwp%2Fv2%2Fmedia&parent=1405"}],"wp:term":[{"taxonomy":"category","embeddable":true,"href":"https:\/\/www.turistamagazine.com\/v2\/index.php?rest_route=%2Fwp%2Fv2%2Fcategories&post=1405"},{"taxonomy":"post_tag","embeddable":true,"href":"https:\/\/www.turistamagazine.com\/v2\/index.php?rest_route=%2Fwp%2Fv2%2Ftags&post=1405"}],"curies":[{"name":"wp","href":"https:\/\/api.w.org\/{rel}","templated":true}]}}