{"id":14023,"date":"2015-06-30T09:42:41","date_gmt":"2015-06-30T14:42:41","guid":{"rendered":"http:\/\/www.turistamagazine.com\/v2\/?p=14023"},"modified":"2015-06-30T09:42:41","modified_gmt":"2015-06-30T14:42:41","slug":"los-controladores-convocan-paros-parciales-para-cuatro-dias-de-julio","status":"publish","type":"post","link":"https:\/\/www.turistamagazine.com\/v2\/?p=14023","title":{"rendered":"LOS CONTROLADORES CONVOCAN PAROS PARCIALES PARA CUATRO D\u00cdAS DE JULIO"},"content":{"rendered":"<p style=\"text-align: justify;\">30 JUNIO, 2015-La asamblea nacional de la Uni\u00f3n Sindical de Controladores A\u00e9reos (USCA), el sindicato mayoritario que representa al 90% del colectivo, ha aprobado este lunes convocar nuevos paros parciales para los d\u00edas 11, 12, 25 y 26 de julio.<\/p>\n<p style=\"text-align: justify;\">Seg\u00fan inform\u00f3 el sindicato en un comunicado, los paros se desarrollar\u00e1n entre las 10.00 y las 13.00 horas los d\u00edas 11 y 25 de julio y entre las 17.00 y las 20.00 horas los d\u00edas 12 y 26 de julio.<\/p>\n<p style=\"text-align: justify;\">USCA considera \u00abinadmisible\u00bb la negativa de Enaire a la b\u00fasqueda de una soluci\u00f3n acordada para la readmisi\u00f3n del controlador de Santiago despedido, Marco Antonio Enr\u00edquez, e \u00abincomprensible\u00bb la decisi\u00f3n de la empresa de mantener las sanciones a 61 controladores del Centro de Control de Barcelona (ACC) por el cierre del espacio a\u00e9reo en 2010.<\/p>\n<p style=\"text-align: justify;\">Los controladores ya convocaron cuatro jornadas de paros en junio -los d\u00edas 8, 10, 12 y 14 de junio-, en la primera convocatoria de huelga del colectivo en 26 a\u00f1os.<\/p>\n<p style=\"text-align: justify;\">El Ministerio de Fomento fij\u00f3 entonces unos servicios m\u00ednimos del 70% y los paros se desarrollaron sin demoras ni cancelaciones atribuibles a la protesta, y con el cumplimiento de los servicios m\u00ednimos.<\/p>\n<p style=\"text-align: justify;\">Solicitar\u00e1n el di\u00e1logo con Fomento<\/p>\n<p style=\"text-align: justify;\">USCA, que se\u00f1ala su disposici\u00f3n a negociar durante los pr\u00f3ximos d\u00edas para llegar a un acuerdo que deje sin efecto los nuevos paros, ya avanz\u00f3 que no descartaba prolongar las protestas si el gestor aeroportuario, matriz de Aena, no cambiaba de postura.<\/p>\n<p style=\"text-align: justify;\">Con este objetivo, USCA solicitar\u00e1 la participaci\u00f3n directa del Ministerio de Fomento en el proceso de di\u00e1logo que se pretende abrir con la nueva convocatoria de paros, dando que \u00abning\u00fan representante pol\u00edtico con capacidad para suscribir acuerdos particip\u00f3 en las reuniones mantenidas con la representaci\u00f3n sindical en la anterior convocatoria\u00bb.<\/p>\n<p style=\"text-align: justify;\">Los controladores reiteraron que pese a fijarse en el 70% los servicios m\u00ednimos, la forma en que se distribuyeron supuso que los servicios asignados a los controladores que prestaban servicio efectivo de control a\u00e9reo fueran en realidad del 99%.<\/p>\n<p style=\"text-align: justify;\">A su juicio de USCA, dichos servicios vulneraron el derecho fundamental de los controladores de una manera \u00abclaramente discriminatoria\u00bb respecto a otros trabajadores de servicios esenciales y frente al colectivo de otros pa\u00edses de la Uni\u00f3n Europea.<\/p>\n<p style=\"text-align: justify;\">Por ello, USCA impugn\u00f3 ante la Sala de lo Contencioso Administrativo de la Audiencia Nacional la resoluci\u00f3n del presidente de Enaire y del secretario de Estado de Transportes, Julio G\u00f3mez-P\u00f3mar, en la que se impon\u00edan dichos servicios.<\/p>\n<p>\u00a0F\/ Hosteltur<\/p>\n","protected":false},"excerpt":{"rendered":"<p>30 JUNIO, 2015-La asamblea nacional de la Uni\u00f3n Sindical de Controladores A\u00e9reos (USCA), el sindicato mayoritario que representa al 90% del colectivo, ha aprobado este lunes convocar nuevos paros parciales para los d\u00edas 11, 12, 25 y 26 de julio. Seg\u00fan inform\u00f3 el sindicato en un comunicado, los paros se desarrollar\u00e1n entre las 10.00 y las 13.00 horas los d\u00edas 11 y 25 de julio y entre las 17.00 y las 20.00 horas los d\u00edas 12 y 26 de julio. USCA considera \u00abinadmisible\u00bb la negativa de Enaire a la b\u00fasqueda de una soluci\u00f3n acordada para la readmisi\u00f3n del controlador de&#8230;<\/p>\n","protected":false},"author":1,"featured_media":0,"comment_status":"open","ping_status":"open","sticky":false,"template":"","format":"standard","meta":{"footnotes":""},"categories":[4,84],"tags":[4577,4574,4575,99,4573,4572,4576,749,4571],"class_list":["post-14023","post","type-post","status-publish","format-standard","hentry","category-breaking-news","category-internacionales","tag-aeropuertos","tag-controladores","tag-controladores-aereos","tag-elenita-villar","tag-enaire","tag-huelga-controladores","tag-ministerio-de-fomento","tag-turistamagazine","tag-usca"],"_links":{"self":[{"href":"https:\/\/www.turistamagazine.com\/v2\/index.php?rest_route=\/wp\/v2\/posts\/14023","targetHints":{"allow":["GET"]}}],"collection":[{"href":"https:\/\/www.turistamagazine.com\/v2\/index.php?rest_route=\/wp\/v2\/posts"}],"about":[{"href":"https:\/\/www.turistamagazine.com\/v2\/index.php?rest_route=\/wp\/v2\/types\/post"}],"author":[{"embeddable":true,"href":"https:\/\/www.turistamagazine.com\/v2\/index.php?rest_route=\/wp\/v2\/users\/1"}],"replies":[{"embeddable":true,"href":"https:\/\/www.turistamagazine.com\/v2\/index.php?rest_route=%2Fwp%2Fv2%2Fcomments&post=14023"}],"version-history":[{"count":3,"href":"https:\/\/www.turistamagazine.com\/v2\/index.php?rest_route=\/wp\/v2\/posts\/14023\/revisions"}],"predecessor-version":[{"id":14027,"href":"https:\/\/www.turistamagazine.com\/v2\/index.php?rest_route=\/wp\/v2\/posts\/14023\/revisions\/14027"}],"wp:attachment":[{"href":"https:\/\/www.turistamagazine.com\/v2\/index.php?rest_route=%2Fwp%2Fv2%2Fmedia&parent=14023"}],"wp:term":[{"taxonomy":"category","embeddable":true,"href":"https:\/\/www.turistamagazine.com\/v2\/index.php?rest_route=%2Fwp%2Fv2%2Fcategories&post=14023"},{"taxonomy":"post_tag","embeddable":true,"href":"https:\/\/www.turistamagazine.com\/v2\/index.php?rest_route=%2Fwp%2Fv2%2Ftags&post=14023"}],"curies":[{"name":"wp","href":"https:\/\/api.w.org\/{rel}","templated":true}]}}