{"id":13897,"date":"2021-11-23T05:52:23","date_gmt":"2021-11-23T10:52:23","guid":{"rendered":"http:\/\/www.turistamagazine.com\/v2\/?p=13897"},"modified":"2021-11-24T09:36:51","modified_gmt":"2021-11-24T14:36:51","slug":"serra-negra-sao-paulo","status":"publish","type":"post","link":"https:\/\/www.turistamagazine.com\/v2\/?p=13897","title":{"rendered":"VIAJAR :SERRA NEGRA -SAO PAULO"},"content":{"rendered":"<p style=\"text-align: justify;\"><strong>Por. Elena Honores*<\/strong><\/p>\n<p style=\"text-align: justify;\"><em><strong><span style=\"color: #333399;\">La ciudad de Serra Negra que es uno de los 11 municipios paulistas considerados estancias hidrominerales por el Estado de S\u00e3o Paulo, por cumplir determinados requisitos definidos por Ley Estatal. Tal status garantiza a esos municipios un presupuesto mayor por parte del Estado para la promoci\u00f3n del turismo regional.<\/span><\/strong><\/em><\/p>\n<p style=\"text-align: justify;\"><em><strong><span style=\"color: #333399;\">\u00a0Como ya lo comentamos, este circuito est\u00e1 compuesto por ocho municipios: \u00c1guas de Lindoia, Amparo, Jaguari\u00fana, Lindoia, Monte Alegre do Sul, Pedreira, Serra Negra y Socorro, todos localizados en la macro regi\u00f3n tur\u00edstica Estradas y Bandeiras\u00a0 y se le conoce\u00a0 como la \u00abregi\u00f3n del buen vivir\u00bb, y es cierto porque su gente es amigable, educada, muy cort\u00e9s y se le nota que vive feliz.<\/span><\/strong><\/em><\/p>\n<p style=\"text-align: justify;\"><em><strong><span style=\"color: #333399;\">Nosotros igualmente, nos sentimos felices y relajados \u00a0por la tranquilidad, es una ciudad rodeada de exuberante \u00a0vegetaci\u00f3n, no existe el bullicio del tr\u00e1fico,\u00a0 el desconcierto y apresuramiento que caracteriza las grandes ciudades, y sobre todo se siente la seguridad en sus calles.<\/span><\/strong><\/em><\/p>\n<div id=\"attachment_13903\" style=\"width: 640px\" class=\"wp-caption aligncenter\"><a href=\"https:\/\/www.turistamagazine.com\/v2\/wp-content\/uploads\/2015\/06\/20150612_111845-e1637704983324.jpg\"><img decoding=\"async\" aria-describedby=\"caption-attachment-13903\" class=\"wp-image-13903\" title=\"Rodrigo Cunha, Jorge Amonzabel, Elena Villar, Miriam Petrone, Prefeito de Serra Sr. \u00cdtalo Franchi, Mar\u00eda Shaw y y Wilson Sierra en el Pico Fonseca \" src=\"https:\/\/www.turistamagazine.com\/v2\/wp-content\/uploads\/2015\/06\/20150612_111845-e1637704983324.jpg\" alt=\"\" width=\"630\" height=\"425\" \/><\/a><p id=\"caption-attachment-13903\" class=\"wp-caption-text\"><em><strong><span style=\"color: #333399;\">Rodrigo Cunha, Jorge Amonzabel, Elena Villar Miriam Petrone, Prefeito de Serra Sr. \u00cdtalo Franchi y Mar\u00eda Shaw en el Pico Fonseca<\/span><\/strong><\/em><\/p><\/div>\n<p style=\"text-align: justify;\"><strong><em><span style=\"color: #333399;\">Localizado en la Sierra de la Mantiqueira, sus estancias son centros de ocio con una buena infraestructura hotelera y de servicios. El mayor atractivo se encuentra en sus aguas, conocidas internacionalmente por su poder curativo, adem\u00e1s del excelente clima. Hay tambi\u00e9n una gran belleza natural, en medio de valles de una gama infinita de verdes, cascadas y fuentes de agua potable.<\/span><\/em><\/strong><\/p>\n<p style=\"text-align: justify;\"><strong><em><span style=\"color: #333399;\">Nuestra primera\u00a0 gran sorpresa, fue poder beber el agua de las fuentes\u00a0 sin temor ninguno y m\u00e1s bien con la seguridad que est\u00e1bamos bebiendo un agua saludable,\u00a0 que no es ben\u00e9fico de algunos es una propiedad de todos, ya\u00a0 que es de \u00a0libre consumo y la bebimos in situ de la misma fuente&#8230;<\/span><\/em><\/strong><\/p>\n<p style=\"text-align: justify;\"><strong><span style=\"color: #000080;\"><em>EL TELEF\u00c9RICO<\/em><\/span><\/strong><\/p>\n<div id=\"attachment_54122\" style=\"width: 640px\" class=\"wp-caption aligncenter\"><a href=\"https:\/\/www.turistamagazine.com\/v2\/wp-content\/uploads\/2015\/06\/Serra-Negra-seen-from-the-cable-car-to-Pico-da-Fonseca..jpg\"><img decoding=\"async\" aria-describedby=\"caption-attachment-54122\" class=\"wp-image-54122\" src=\"https:\/\/www.turistamagazine.com\/v2\/wp-content\/uploads\/2015\/06\/Serra-Negra-seen-from-the-cable-car-to-Pico-da-Fonseca..jpg\" alt=\"\" width=\"630\" height=\"432\" \/><\/a><p id=\"caption-attachment-54122\" class=\"wp-caption-text\"><em><strong><span style=\"color: #333399;\">Una experiencia muy agradable\u00a0 fue llegar hasta el \u00abPico Fonseca\u00bb \u00a0situado 1,080m de altura, en el telef\u00e9rico que tiene una extensi\u00f3n de 1,400m. y 64 sillas,\u00a0 por lo que el abordarlo es muy r\u00e1pido y divertido<\/span><\/strong><\/em><\/p><\/div>\n<p style=\"text-align: justify;\"><span style=\"color: #800080;\"><em><strong>En la cumbre\u00a0 se encuentra la tradicional imagen del Cristo Redentor, que recibe a todos los visitantes con los brazos abiertos\u00a0 en todas las ciudades de Brasil, \u00a0el monumento tiene 18 metros, siendo 6m. del pedestal y la estatua de 12 metros. La vista\u00a0 desde all\u00ed es espectacular tomamos algunas fotos pero lamentablemente no salieron lo bien que hubi\u00e9ramos deseado. \u00a0El acceso es por el telef\u00e9rico o en coche al otro lado de la calle Antonio Jorge Jos\u00e9. Si utiliza el telef\u00e9rico cuando baje le ofrecer\u00e1n un lindo llavero con su foto, donde la sacan regia, y cuesta 5 Reales, nadie deja de comprarlo porque es un recuerdo muy bonito.<\/strong><\/em><\/span><\/p>\n<p style=\"text-align: justify;\"><em><strong><span style=\"color: #333399;\">Tambi\u00e9n visitamos la casa del chocolate,\u00a0 ya que como producen un excelente cacao tiene una variedad de chocolates deliciosos en todas las formas y estilo, el tiempo no nos alcanz\u00f3 para comprarlo ya que todo el mundo lo compra, pero si tuvimos oportunidad de degustarlo, tambi\u00e9n tomamos un caf\u00e9 con un ligero chorrito de leche, que nos pareci\u00f3 un manjar de los dioses, realmente exquisito\u2026 Naturalmente que siempre pensando en las amigas y su belleza compramos cremas para el cuerpo y jabones de ba\u00f1o todo en base a caf\u00e9\u2026<\/span><\/strong><\/em><\/p>\n<div id=\"attachment_54123\" style=\"width: 640px\" class=\"wp-caption aligncenter\"><a href=\"https:\/\/www.turistamagazine.com\/v2\/wp-content\/uploads\/2015\/06\/miniatura2.jpg\"><img decoding=\"async\" aria-describedby=\"caption-attachment-54123\" class=\"wp-image-54123\" src=\"https:\/\/www.turistamagazine.com\/v2\/wp-content\/uploads\/2015\/06\/miniatura2.jpg\" alt=\"\" width=\"630\" height=\"419\" srcset=\"https:\/\/www.turistamagazine.com\/v2\/wp-content\/uploads\/2015\/06\/miniatura2.jpg 640w, https:\/\/www.turistamagazine.com\/v2\/wp-content\/uploads\/2015\/06\/miniatura2-300x200.jpg 300w, https:\/\/www.turistamagazine.com\/v2\/wp-content\/uploads\/2015\/06\/miniatura2-631x420.jpg 631w, https:\/\/www.turistamagazine.com\/v2\/wp-content\/uploads\/2015\/06\/miniatura2-610x406.jpg 610w\" sizes=\"(max-width: 630px) 100vw, 630px\" \/><\/a><p id=\"caption-attachment-54123\" class=\"wp-caption-text\"><em><strong><span style=\"color: #333399;\">CASA DOS URSOS CHOCOLATES ARTESANAIS III<\/span><\/strong><\/em><\/p><\/div>\n<p style=\"text-align: justify;\"><em><strong><span style=\"color: #333399;\">Como no pod\u00eda ser diferente hicimos una visita r\u00e1pida al Iglesia Matriz Nuestra Se\u00f1ora del Rosario, porque siempre es bueno dar gracias a Dios por las bondades recibidas, adem\u00e1s es una \u201cc\u00e1bala\u201d \u00a0de buena suerte que comparto con Uds. ya que cuando se reza en la Iglesia de la ciudad visitada\u00a0 siempre se vuelve a ella.<\/span><\/strong><\/em><\/p>\n<p style=\"text-align: justify;\"><span style=\"color: #333399;\"><em><strong>Los periodistas fuimos obsequiados con unas botellas de \u201cCacha\u04aba Artesanal\u00a0 del Nono Rouxinolli\u201d y\u00a0 \u201cAgua Santa\u201d, la verdad no sabemos qu\u00e9 tan santa ser\u00e1, ya que no la hemos probado todav\u00eda, pero por ah\u00ed los que saben nos han aconsejado de beberla con cuidado, de todas maneras estamos a buen recaudo \u00a0ya que no bebemos licor \u2026<\/strong><\/em><\/span><\/p>\n<div id=\"attachment_13906\" style=\"width: 640px\" class=\"wp-caption aligncenter\"><a href=\"https:\/\/www.turistamagazine.com\/v2\/wp-content\/uploads\/2015\/06\/SAM_07391-e1637705944806.jpg\"><img decoding=\"async\" aria-describedby=\"caption-attachment-13906\" class=\"wp-image-13906\" title=\"Gilberto J. Pacheco,Miriam Petrone,Fernando Zuppo de aprecesp, y Elena Villar\" src=\"https:\/\/www.turistamagazine.com\/v2\/wp-content\/uploads\/2015\/06\/SAM_07391-e1637705944806.jpg\" alt=\"\" width=\"630\" height=\"473\" \/><\/a><p id=\"caption-attachment-13906\" class=\"wp-caption-text\"><em><strong><span style=\"color: #333399;\">Gilberto J. Pacheco,Miriam Petrone,Fernabdo Zuppo de aprecesp, y Elena Honores<\/span><\/strong><\/em><\/p><\/div>\n<p style=\"text-align: justify;\"><em><strong><span style=\"color: #333399;\">Nos tomamos una foto en el famoso trencito del Paseo la Jardinera, \u00a0es un precioso Ford restaurado y acondicionado para realizar City Tours, no tuvimos tiempo\u00a0 de hacer el tour, pero tenemos la foto del recuerdo, tenemos muchas experiencias \u00a0que compartir, y lo haremos en las pr\u00f3xima ediciones, \u00a0pero si desean un viaje de descanso y disfrutar de estancias hidrominerales maravillosas, pues separe ya su tour en el \u201cCircuito de Aguas Paulista\u201d\u2026 y no se arrepentir\u00e1 del a sugerencia de TuristamagazineDestinos\u2026<\/span><\/strong><\/em><\/p>\n<div id=\"attachment_13908\" style=\"width: 640px\" class=\"wp-caption aligncenter\"><a href=\"https:\/\/www.turistamagazine.com\/v2\/wp-content\/uploads\/2015\/06\/SAM_0750-e1637706665764.jpg\"><img decoding=\"async\" aria-describedby=\"caption-attachment-13908\" class=\"wp-image-13908 size-full\" title=\"Edinho Neves, Dilene Souza, Elena Villar, Wilson Sierra, y Maria Shaw en la foto del recuerdo\" src=\"https:\/\/www.turistamagazine.com\/v2\/wp-content\/uploads\/2015\/06\/SAM_0750-e1637706665764.jpg\" alt=\"\" width=\"630\" height=\"473\" \/><\/a><p id=\"caption-attachment-13908\" class=\"wp-caption-text\"><em><strong><span style=\"color: #333399;\">Edinho Neves, Dilene Souza, Elena Villar, Wilson Sierra, y Maria Shaw en la foto del recuerdo<\/span><\/strong><\/em><\/p><\/div>\n<p><span style=\"color: #800080;\"><em><strong>LAS AGUAS TERMALES\u00a0<\/strong><\/em><\/span><\/p>\n<p style=\"text-align: justify;\"><span style=\"color: #333399;\"><em><strong>En Serra Negra encontrar\u00e1 unos servicios espectaculares para pasarse horas en los Spa de aguas termales los hay de todas las fragancias y para cada estado del cuerpo y \u00e1nimo, nosotros nos sumergimos en unos ba\u00f1os tibios personales de lavanda y otros flores para una completa relajaci\u00f3n de alma y cuerpo, una experiencia inolvidable\u00a0 la recomendamos&#8230;<\/strong><\/em><\/span><\/p>\n<div id=\"attachment_13909\" style=\"width: 640px\" class=\"wp-caption aligncenter\"><a href=\"https:\/\/www.turistamagazine.com\/v2\/wp-content\/uploads\/2015\/06\/SAM_0752-e1637707106221.jpg\"><img decoding=\"async\" aria-describedby=\"caption-attachment-13909\" class=\"wp-image-13909\" title=\"Fuente p\u00fablica de agua mineral \" src=\"https:\/\/www.turistamagazine.com\/v2\/wp-content\/uploads\/2015\/06\/SAM_0752-e1637707106221.jpg\" alt=\"\" width=\"630\" height=\"473\" \/><\/a><p id=\"caption-attachment-13909\" class=\"wp-caption-text\"><em><strong><span style=\"color: #333399;\">Fuente p\u00fablicas de agua mineral<\/span><\/strong><\/em><\/p><\/div>\n<p><em><strong><span style=\"color: #333399;\">*Magister en Turismo y Comunicaci\u00f3n\u00a0<\/span><\/strong><\/em><\/p>\n<p><a href=\"https:\/\/www.turistamagazine.com\/v2\/wp-content\/uploads\/2021\/09\/Logo-nuevo.jpg\"><img decoding=\"async\" class=\"wp-image-53117 aligncenter\" src=\"https:\/\/www.turistamagazine.com\/v2\/wp-content\/uploads\/2021\/09\/Logo-nuevo.jpg\" alt=\"\" width=\"450\" height=\"428\" srcset=\"https:\/\/www.turistamagazine.com\/v2\/wp-content\/uploads\/2021\/09\/Logo-nuevo.jpg 766w, https:\/\/www.turistamagazine.com\/v2\/wp-content\/uploads\/2021\/09\/Logo-nuevo-300x285.jpg 300w, https:\/\/www.turistamagazine.com\/v2\/wp-content\/uploads\/2021\/09\/Logo-nuevo-442x420.jpg 442w\" sizes=\"(max-width: 450px) 100vw, 450px\" \/><\/a><\/p>\n","protected":false},"excerpt":{"rendered":"<p>Por. Elena Honores* La ciudad de Serra Negra que es uno de los 11 municipios paulistas considerados estancias hidrominerales por el Estado de S\u00e3o Paulo, por cumplir determinados requisitos definidos por Ley Estatal. Tal status garantiza a esos municipios un presupuesto mayor por parte del Estado para la promoci\u00f3n del turismo regional. \u00a0Como ya lo comentamos, este circuito est\u00e1 compuesto por ocho municipios: \u00c1guas de Lindoia, Amparo, Jaguari\u00fana, Lindoia, Monte Alegre do Sul, Pedreira, Serra Negra y Socorro, todos localizados en la macro regi\u00f3n tur\u00edstica Estradas y Bandeiras\u00a0 y se le conoce\u00a0 como la \u00abregi\u00f3n del buen vivir\u00bb, y es&#8230;<\/p>\n","protected":false},"author":1,"featured_media":0,"comment_status":"open","ping_status":"open","sticky":false,"template":"","format":"standard","meta":{"footnotes":""},"categories":[86],"tags":[11616,10635,10219,115,1308,4507],"class_list":["post-13897","post","type-post","status-publish","format-standard","hentry","category-destinos","tag-circuitodeaguasdelindoia","tag-elenahonoresdirectora","tag-semanarioturistamagazine","tag-brasil","tag-sao-paulo","tag-serra-negra"],"_links":{"self":[{"href":"https:\/\/www.turistamagazine.com\/v2\/index.php?rest_route=\/wp\/v2\/posts\/13897","targetHints":{"allow":["GET"]}}],"collection":[{"href":"https:\/\/www.turistamagazine.com\/v2\/index.php?rest_route=\/wp\/v2\/posts"}],"about":[{"href":"https:\/\/www.turistamagazine.com\/v2\/index.php?rest_route=\/wp\/v2\/types\/post"}],"author":[{"embeddable":true,"href":"https:\/\/www.turistamagazine.com\/v2\/index.php?rest_route=\/wp\/v2\/users\/1"}],"replies":[{"embeddable":true,"href":"https:\/\/www.turistamagazine.com\/v2\/index.php?rest_route=%2Fwp%2Fv2%2Fcomments&post=13897"}],"version-history":[{"count":7,"href":"https:\/\/www.turistamagazine.com\/v2\/index.php?rest_route=\/wp\/v2\/posts\/13897\/revisions"}],"predecessor-version":[{"id":54121,"href":"https:\/\/www.turistamagazine.com\/v2\/index.php?rest_route=\/wp\/v2\/posts\/13897\/revisions\/54121"}],"wp:attachment":[{"href":"https:\/\/www.turistamagazine.com\/v2\/index.php?rest_route=%2Fwp%2Fv2%2Fmedia&parent=13897"}],"wp:term":[{"taxonomy":"category","embeddable":true,"href":"https:\/\/www.turistamagazine.com\/v2\/index.php?rest_route=%2Fwp%2Fv2%2Fcategories&post=13897"},{"taxonomy":"post_tag","embeddable":true,"href":"https:\/\/www.turistamagazine.com\/v2\/index.php?rest_route=%2Fwp%2Fv2%2Ftags&post=13897"}],"curies":[{"name":"wp","href":"https:\/\/api.w.org\/{rel}","templated":true}]}}