{"id":13539,"date":"2015-06-09T09:40:23","date_gmt":"2015-06-09T14:40:23","guid":{"rendered":"http:\/\/www.turistamagazine.com\/v2\/?p=13539"},"modified":"2015-06-09T09:40:23","modified_gmt":"2015-06-09T14:40:23","slug":"la-orotava-nuevamente-en-el-candelero-de-los-principios-de-la-agenda-21-al-desarrollo-sostenible","status":"publish","type":"post","link":"https:\/\/www.turistamagazine.com\/v2\/?p=13539","title":{"rendered":"LA OROTAVA NUEVAMENTE EN EL CANDELERO DE LOS PRINCIPIOS DE LA AGENDA 21, AL DESARROLLO SOSTENIBLE"},"content":{"rendered":"<p style=\"text-align: justify;\"><span style=\"color: #000080;\"><strong><em>llamar a las cosas por su nombre<\/em><\/strong><\/span><\/p>\n<p style=\"text-align: justify;\"><span style=\"color: #000080;\"><strong><em>y hacer los cumplidos elogios\u2026 <\/em><\/strong><\/span><\/p>\n<p style=\"text-align: justify;\"><strong><span style=\"color: #000080;\">DESARROLLO SOSTENIBLE HABEMUS<\/span><\/strong><\/p>\n<p style=\"text-align: justify;\">Por. Antonio-Pedro Tejera Reyes*<\/p>\n<p style=\"text-align: justify;\">\u00a0Hace ya algunos a\u00f1os, mantuvimos un programa televisivo \u00a0durante largo tiempo \u00a0hasta que se nos acabaron los recursos, ya que lo coste\u00e1bamos \u00edntegramente, que llevaba por t\u00edtulo \u201cTurismo Siempre\u201d. Era una llamada a la toma de conciencia de lo que pod\u00eda significar el desarrollo tur\u00edstico, en el cual insist\u00edamos, como lo hacemos constantemente en todos los lugares que podemos, al cuidado permanente que tenemos la obligaci\u00f3n de observar en la conservaci\u00f3n de las se\u00f1as de identidad de los pueblos, como un poderoso atractivo de promoci\u00f3n, si adecuadamente escogemos el lugar propicio para ello y las motivaciones que pueden fundamentar toda esta ingente operaci\u00f3n, en la cual la c\u00e9lebre Agenda 21, aprobada en la Cumbre de la Tierra (R\u00edo de Janeiro. 1992), tiene que estar presente en toda su admirable extensi\u00f3n.<\/p>\n<div id=\"attachment_13551\" style=\"width: 310px\" class=\"wp-caption aligncenter\"><a href=\"https:\/\/www.turistamagazine.com\/v2\/wp-content\/uploads\/2015\/06\/Pan_de_Az\u00facar.jpg\"><img decoding=\"async\" aria-describedby=\"caption-attachment-13551\" class=\"size-medium wp-image-13551\" title=\" Hermosa vista del Pan de Az\u00facar- R\u00edo de Janeiro \/ Wikipedia\" src=\"https:\/\/www.turistamagazine.com\/v2\/wp-content\/uploads\/2015\/06\/Pan_de_Az\u00facar-300x222.jpg\" alt=\"\" width=\"300\" height=\"222\" \/><\/a><p id=\"caption-attachment-13551\" class=\"wp-caption-text\">Hermosa vista del Pan de Az\u00facar- R\u00edo de Janeiro \/ Wikipedia<\/p><\/div>\n<p style=\"text-align: justify;\">Recordando la ilustraci\u00f3n que hicimos dentro de este mencionado programa, discutimos y analizamos profundamente el tema de la Agenda 21, en el controlado espacio que dispon\u00edamos, con el entonces Concejal de Turismo del Ayuntamiento de Puerto de la Cruz, el eurodiputado e ingeniero de montes, Isidoro S\u00e1nchez Garc\u00eda, de quien tenemos imborrables recuerdos de su actividad profesional, no solo en Canarias, sino inclusive en Venezuela y Cuba. No fue este un programa cualquiera; tratamos sobre el deterioro que se hac\u00eda del paisaje, la poca consideraci\u00f3n y estudio que se ten\u00eda sobre la capacidad de carga de los territorios, y de la necesidad apremiante de unos estudios t\u00e9cnicos sobre las distintas situaciones que aconsejaran el desarrollo tur\u00edstico, fuera de intereses mercantilistas y con la Agenda 21 colgada en todas las paredes de los despachos pol\u00edticos de turno. Era, y es, una necesidad.<\/p>\n<p style=\"text-align: justify;\">LAS OTRAS DIMENSIONES<\/p>\n<p style=\"text-align: justify;\">Como una premonici\u00f3n hemos visto como, casi desde entonces, se comenzaron a impulsar los\u00a0 programas y acciones tendentes a conseguir una toma de conciencia sobre la necesidad de un desarrollo sostenible \u2013 sustentable, que decimos en Am\u00e9rica \u2013 apoy\u00e1ndose en prestigiosos \u00a0e imprescindibles estudios sobre el tema, como el Informe Bruntdland, Nuestro Futuro Com\u00fan (1989) mencionado en la Carta Europea del Turismo Sostenible en los Espacios Protegidos (1999), documento de incalculable valor que hemos difundidos en cuantos programas educativos hemos participado desde hace muchos a\u00f1os, fundament\u00e1ndonos en los principios enunciados en le Carta Mundial de Turismo Sostenible (Lanzarote, 1995): <span style=\"color: #000080;\"><strong><em>\u201cdesarrollo sostenible se entiende el que satisface las necesidades de las generaciones actuales, sin poner en peligro la satisfacci\u00f3n de las necesidades de las generaciones futuras.\u201d <\/em><\/strong><\/span><\/p>\n<p style=\"text-align: justify;\">No cuesta mucho enlazar todas estas aseveraciones y estudios, realizados por la c\u00fapula de los entendidos mundiales en la materia, con el desarrollo de pueblos, ciudades y lugares del mundo, donde se ha despreciado, o se ha ignorado, <span style=\"color: #000080;\"><strong><em>\u201clas necesidades de las generaciones futuras\u201d<\/em><\/strong><\/span> imponi\u00e9ndoles criterios pol\u00edticos personalistas, que en la mayor\u00eda de los casos obedecen a intereses econ\u00f3micos, que est\u00e1n carentes de serios estudios de sus necesidades futuras y donde muchas de las veces, hemos tenido que presenciar como, despu\u00e9s de realizar costosas inversiones, las <span style=\"color: #000080;\"><strong><em>\u201cgeniales\u201d<\/em><\/strong><\/span> obras han tenido que ser derribadas por su poca utilidad, o por lo que es peor, por el destrozo que han supuesto de las se\u00f1as de identidad del lugar.<\/p>\n<p style=\"text-align: justify;\"><span style=\"color: #000080;\"><strong><em>Conforma todo lo que venimos comentando en este escrito, un escenario donde el desenfreno de la construcci\u00f3n ha supuesto ingentes ingresos econ\u00f3micos que han encandilado a personajes incompetentes al frente de organismo pol\u00edticos que solo han visto la oportunidad del presente, sin pensar para nada en el da\u00f1o irreparable que una superada capacidad de carga sobre el territorio, pudiera ocasionar para \u201clas futuras generaciones\u201d. A cientos de muy tristes ejemplos pudi\u00e9ramos referirnos\u2026<\/em><\/strong><\/span><\/p>\n<p style=\"text-align: justify;\">LA EXCEPCIONAL VILLA DE LA OROTAVA<\/p>\n<p style=\"text-align: justify;\"><a href=\"https:\/\/www.turistamagazine.com\/v2\/wp-content\/uploads\/2015\/06\/images.jpg\"><img decoding=\"async\" class=\"aligncenter size-full wp-image-13547\" title=\"images\" src=\"https:\/\/www.turistamagazine.com\/v2\/wp-content\/uploads\/2015\/06\/images.jpg\" alt=\"\" width=\"176\" height=\"234\" \/><\/a><\/p>\n<p style=\"text-align: justify;\">Estamos ante un ejemplo vivo. Nos hemos referido muchas veces a la gesti\u00f3n eficaz de este lugar de las Islas Canarias, que no solo ha sabido conservar sus se\u00f1as de identidad, sino que las ha sabido rescatar palmo a palmo, para ofrecerlas como un referente de un buen hacer cuyos ejemplos y virtudes llegan a los m\u00e1s remotos lugares. Recordamos vivamente el inter\u00e9s y los comentarios sorpresivos y elogiosos que escuchamos en el a\u00f1o 2002 en La Habana, Cuba, cuando proyectamos las im\u00e1genes de las restauradas casas tradicionales de La Orotava, ante un auditorio compuesto por los m\u00e1s altos funcionarios de las universidades e institutos educativos de las ense\u00f1anzas del turismo pertenecientes a la Confederaci\u00f3n Panamericana de Escuelas de Hoteler\u00eda, Gastronom\u00eda y Turismo, algunos de los cuales tuvieron la oportunidad de presenciar en persona esa realidad, en la visita que realizaron a Tenerife en el a\u00f1o 2011, donde el recordado insigne gran alcalde, Isaac Valencia Dom\u00ednguez, tuvo ocasi\u00f3n, en la misma sede municipal, de hacerles una breve s\u00edntesis\u00a0 sobre los criterios de sostenibilidad con los que su corporaci\u00f3n actuaba, algo que hemos sostenido durante todos estos a\u00f1os en nuestras intervenciones docentes.<\/p>\n<div id=\"attachment_13552\" style=\"width: 310px\" class=\"wp-caption aligncenter\"><a href=\"https:\/\/www.turistamagazine.com\/v2\/wp-content\/uploads\/2015\/06\/patio.jpg\"><img decoding=\"async\" aria-describedby=\"caption-attachment-13552\" class=\"size-medium wp-image-13552\" title=\"Tradicional Casa Lercaro, La Orotava \" src=\"https:\/\/www.turistamagazine.com\/v2\/wp-content\/uploads\/2015\/06\/patio-300x199.jpg\" alt=\"\" width=\"300\" height=\"199\" \/><\/a><p id=\"caption-attachment-13552\" class=\"wp-caption-text\">Tradicional Casa Lercaro, La Orotava<\/p><\/div>\n<p style=\"text-align: justify;\">M\u00e1s tarde, en el a\u00f1o 2007, pon\u00edamos el ejemplo Orotava como modelo de desarrollo sostenible, en el IV Congreso Internacional de la Escuela de Negocios de la Universidad de las Am\u00e9ricas Puebla, con un se\u00f1alado \u00e9xito que nos llev\u00f3 a contestar hasta m\u00e1s de cien consultas, ante un multitudinario escenario de asistentes en esa poblaci\u00f3n mexicana, que cuenta con cientos de casas que son Patrimonio de la Humanidad\u2026<\/p>\n<p style=\"text-align: justify;\">Nuestra sorpresa y satisfacci\u00f3n ha llegado al l\u00edmite cuando en la reciente campa\u00f1a electoral hemos visto publicada una entrevista en la cual el actual alcalde, profesor Francisco Linares Garc\u00eda, dice que \u00e9l no ha nombrado para nada la construcci\u00f3n y si a las personas:<strong><em><span style=\"color: #000080;\"> \u201cEn mi programa no aparece la palabra construir, sino las personas.\u201d<\/span><\/em><\/strong> Ya era hora de que alguien se manifestara as\u00ed. Algunos comentarios elogiosos y sorpresivos hemos recibido de amigos a quienes hemos hecho llegar, v\u00eda digital, PDF, la citada entrevista, subray\u00e1ndoles este preciso p\u00e1rrafo.<\/p>\n<div id=\"attachment_13553\" style=\"width: 310px\" class=\"wp-caption aligncenter\"><a href=\"https:\/\/www.turistamagazine.com\/v2\/wp-content\/uploads\/2015\/06\/f169ff21c6ea91c9285b31125ca4b7ba_XL.jpg\"><img decoding=\"async\" aria-describedby=\"caption-attachment-13553\" class=\"size-medium wp-image-13553\" title=\" Alcalde de La Orotava - Francisco Linares Garc\u00eda\" src=\"https:\/\/www.turistamagazine.com\/v2\/wp-content\/uploads\/2015\/06\/f169ff21c6ea91c9285b31125ca4b7ba_XL-300x267.jpg\" alt=\"\" width=\"300\" height=\"267\" \/><\/a><p id=\"caption-attachment-13553\" class=\"wp-caption-text\">Alcalde de La Orotava &#8211; Francisco Linares Garc\u00eda<\/p><\/div>\n<p style=\"text-align: justify;\">Conocemos a Francisco Linares, desde el a\u00f1o 1995, cuando irrumpimos nuevamente en Canarias con los estudios de turismo, y de \u00e9l tenemos los mejores recuerdos, tanto de su gesti\u00f3n, como de sus conocimientos. Apoy\u00f3, en todo lo que estuvo de su parte, nuestro espectacular desarrollo que culminar\u00eda con la instalaci\u00f3n en La Orotava de un programa \u00fanico elaborado con la Universidad para La Paz, de las Naciones Unidas, que lleg\u00f3 a concretarse en relevantes resultados y que intereses espurios y personajes poco recomendables, cercenaron para impedir su continuidad. Ense\u00f1ar para algunos es un pecado.<\/p>\n<p style=\"text-align: justify;\">Hoy, cuando hemos le\u00eddo hace solo unos instante (escribimos el d\u00eda 24 de Mayo a las 11.30 pm. hora de Venezuela) que Francisco Linares Garc\u00eda, ha ganado las elecciones en La Orotava con mayor\u00eda absoluta, tenemos que felicitarlo y felicitarnos p\u00fablicamente, ante el hecho real de que debemos tener muchas personas que entienden ese mensaje que predicamos, y que tiene mucho que ver con el desarrollo del personal y no con el protagonismo ef\u00edmero que produce la construcci\u00f3n incontrolada, destrozando el paisaje, polucionando el medio ambiente y haci\u00e9ndonos imposible una convivencia sana y feliz, en torno a un mundo mejor, m\u00e1s cuidado, y sustentado en las buenas personas.<\/p>\n<p style=\"text-align: justify;\"><strong><em><span style=\"color: #000080;\">LAS ALFOMBRAS DEL CORPUS CHRISTI EN LA OROTAVA<\/span><\/em><\/strong><\/p>\n<p style=\"text-align: justify;\">La Villa de la Orotava, sigue siendo un ejemplo. Una de las se\u00f1as de identidad que le marca, son sus tradicionales alfombras de flores el d\u00eda del Corpus Christi, donde no solo las flores son las protagonistas, sino las arenas de m\u00faltiples colores de Las Ca\u00f1adas del Teide, el Parque Nacional que est\u00e1 integrado en este municipio tinerfe\u00f1o, y que circunda el volc\u00e1n Teide. Estas arenas dan forma a unos espectaculares tapices que cubren toda la plaza mayor de la villa, y que son la ofrenda que los m\u00e1s ilustres artistas de la ciudad hace a esta celebraci\u00f3n lit\u00fargica, para que sea el punto final de la procesi\u00f3n que ese d\u00eda de todos los a\u00f1os es destino fundamental de los habitantes y turistas que \u00a0residen en Tenerife, para admirar una larga serie de calles tapizadas con preciosas obras de arte elaboradas con p\u00e9talos de flores, que culminan en la citada plaza, situada frente del mism\u00edsimo palacio municipal.<\/p>\n<div id=\"attachment_13555\" style=\"width: 310px\" class=\"wp-caption aligncenter\"><a href=\"https:\/\/www.turistamagazine.com\/v2\/wp-content\/uploads\/2015\/06\/Image-55e0e38eb1.jpg\"><img decoding=\"async\" aria-describedby=\"caption-attachment-13555\" class=\"size-medium wp-image-13555\" title=\"Una espl\u00e9ndida vista parcial de la Plaza Mayor de la Villa de la Orotava, con el dechado de arte de su impresionante alfombra realizada con arenas del Volc\u00e1n Teide, para celebrar el d\u00eda de Corpus Christi.\" src=\"https:\/\/www.turistamagazine.com\/v2\/wp-content\/uploads\/2015\/06\/Image-55e0e38eb1-300x225.jpg\" alt=\"\" width=\"300\" height=\"225\" \/><\/a><p id=\"caption-attachment-13555\" class=\"wp-caption-text\">Una espl\u00e9ndida vista parcial de la Plaza Mayor de la Villa de la Orotava, con el dechado de arte de su impresionante alfombra realizada con arenas del Volc\u00e1n Teide, para celebrar el d\u00eda de Corpus Christi.<\/p><\/div>\n<p style=\"text-align: justify;\">Estas tradicionales emblem\u00e1ticas alfombras de flores, est\u00e1n presentes en la Semana Santa cat\u00f3lica en Guatemala, Nicaragua, Per\u00fa\u2026 sin que al parecer quede ninguna duda sobe su origen y procedencia, como relata la escritora norteamericana Elizabeth Bell, en su libro \u201cLent and Holy Week in La Antigua Guatemala\u201d<\/p>\n<p style=\"text-align: justify;\">El video patrocinado por al Excmo. Ayuntamiento de la Villa de la Orotava, y la asociaci\u00f3n de alfombrista de la ciudad, <span style=\"color: #000080;\"><strong><em>\u201cAyer y hoy de las alfombras de La Orotava\u201d,<\/em><\/strong><\/span> lo hemos proyectado en varios pa\u00edses de Am\u00e9rica en nuestras conferencias y clases de turismo. En su presentaci\u00f3n dice lo siguiente: <span style=\"color: #000080;\"><strong><em>\u201cCalles en Flor. La festividad del Corpus Christi en La Orotava y sus alfombras de flores sirviendo al paso de la procesi\u00f3n, son un espect\u00e1culo emocionante y tr\u00e1gico a la vez, donde los orotavenses en pleno, entregan su coraz\u00f3n.\u201d<\/em><\/strong><\/span><\/p>\n<div id=\"attachment_13557\" style=\"width: 210px\" class=\"wp-caption aligncenter\"><a href=\"https:\/\/www.turistamagazine.com\/v2\/wp-content\/uploads\/2015\/06\/alf222.jpg\"><img decoding=\"async\" aria-describedby=\"caption-attachment-13557\" class=\"size-medium wp-image-13557\" title=\"Bell\u00edsma vista de una calle completamente alfombrada de flores, toda una tradici\u00f3n en la Orotava\" src=\"https:\/\/www.turistamagazine.com\/v2\/wp-content\/uploads\/2015\/06\/alf222-200x300.jpg\" alt=\"\" width=\"200\" height=\"300\" \/><\/a><p id=\"caption-attachment-13557\" class=\"wp-caption-text\">Bell\u00edsma vista de una calle completamente alfombrada de flores, toda una tradici\u00f3n en la Orotava<\/p><\/div>\n<p style=\"text-align: justify;\">La cultura, unida al conocimiento, eso que un turismo incipiente con poderosa fuerza est\u00e1 desarrollando en los pa\u00edses civilizados, buscando puntos de destino que como la Villa de la Orotava, tengas unas se\u00f1as de identidad propias que ofrecer rodeadas de una m\u00edstica ancestral donde el trabajo artesanal, serio y ponderado, est\u00e9n presentes en su escenario.<\/p>\n<p>&nbsp;<\/p>\n<p>* (Del Grupo de Expertos de la Organizaci\u00f3n Mundial del Turismo, de las Naciones Unidas)<\/p>\n<p>&nbsp;<\/p>\n<p>Foto de portada\/ Volc\u00e1n Teide Taringa Punto net.<\/p>\n<p>F\/ Inermet.<\/p>\n<p>&nbsp;<\/p>\n","protected":false},"excerpt":{"rendered":"<p>llamar a las cosas por su nombre y hacer los cumplidos elogios\u2026 DESARROLLO SOSTENIBLE HABEMUS Por. Antonio-Pedro Tejera Reyes* \u00a0Hace ya algunos a\u00f1os, mantuvimos un programa televisivo \u00a0durante largo tiempo \u00a0hasta que se nos acabaron los recursos, ya que lo coste\u00e1bamos \u00edntegramente, que llevaba por t\u00edtulo \u201cTurismo Siempre\u201d. Era una llamada a la toma de conciencia de lo que pod\u00eda significar el desarrollo tur\u00edstico, en el cual insist\u00edamos, como lo hacemos constantemente en todos los lugares que podemos, al cuidado permanente que tenemos la obligaci\u00f3n de observar en la conservaci\u00f3n de las se\u00f1as de identidad de los pueblos, como un&#8230;<\/p>\n","protected":false},"author":1,"featured_media":0,"comment_status":"open","ping_status":"open","sticky":false,"template":"","format":"standard","meta":{"footnotes":""},"categories":[86],"tags":[284,4468,758],"class_list":["post-13539","post","type-post","status-publish","format-standard","hentry","category-destinos","tag-antonio-pedro-tejera-reyes","tag-la-orotava","tag-plaza-de-la-villa-de-la-orotava"],"_links":{"self":[{"href":"https:\/\/www.turistamagazine.com\/v2\/index.php?rest_route=\/wp\/v2\/posts\/13539","targetHints":{"allow":["GET"]}}],"collection":[{"href":"https:\/\/www.turistamagazine.com\/v2\/index.php?rest_route=\/wp\/v2\/posts"}],"about":[{"href":"https:\/\/www.turistamagazine.com\/v2\/index.php?rest_route=\/wp\/v2\/types\/post"}],"author":[{"embeddable":true,"href":"https:\/\/www.turistamagazine.com\/v2\/index.php?rest_route=\/wp\/v2\/users\/1"}],"replies":[{"embeddable":true,"href":"https:\/\/www.turistamagazine.com\/v2\/index.php?rest_route=%2Fwp%2Fv2%2Fcomments&post=13539"}],"version-history":[{"count":4,"href":"https:\/\/www.turistamagazine.com\/v2\/index.php?rest_route=\/wp\/v2\/posts\/13539\/revisions"}],"predecessor-version":[{"id":13560,"href":"https:\/\/www.turistamagazine.com\/v2\/index.php?rest_route=\/wp\/v2\/posts\/13539\/revisions\/13560"}],"wp:attachment":[{"href":"https:\/\/www.turistamagazine.com\/v2\/index.php?rest_route=%2Fwp%2Fv2%2Fmedia&parent=13539"}],"wp:term":[{"taxonomy":"category","embeddable":true,"href":"https:\/\/www.turistamagazine.com\/v2\/index.php?rest_route=%2Fwp%2Fv2%2Fcategories&post=13539"},{"taxonomy":"post_tag","embeddable":true,"href":"https:\/\/www.turistamagazine.com\/v2\/index.php?rest_route=%2Fwp%2Fv2%2Ftags&post=13539"}],"curies":[{"name":"wp","href":"https:\/\/api.w.org\/{rel}","templated":true}]}}