{"id":13498,"date":"2015-06-06T07:20:30","date_gmt":"2015-06-06T12:20:30","guid":{"rendered":"http:\/\/www.turistamagazine.com\/v2\/?p=13498"},"modified":"2015-06-06T07:20:45","modified_gmt":"2015-06-06T12:20:45","slug":"congreso-de-adorno","status":"publish","type":"post","link":"https:\/\/www.turistamagazine.com\/v2\/?p=13498","title":{"rendered":"CONGRESO DE ADORNO"},"content":{"rendered":"<p style=\"text-align: justify;\">Por Antero Flores-Araoz*<\/p>\n<p style=\"text-align: justify;\">Indiscutiblemente el edificio del Congreso de la Rep\u00fablica, al igual que las obras de arte y archivos que contiene, son un lujo de gran valor y adornan la capital del Per\u00fa, aunque no podemos decir lo mismo de muchos titulares de las curules.<\/p>\n<p style=\"text-align: justify;\"><strong><em><span style=\"color: #000080;\">Ahora, el Poder Ejecutivo pretende que no solamente el edificio del Parlamento constituya pieza de ornato, sino que como instituci\u00f3n se encuentre de adorno, pues present\u00f3 un proyecto de ley para que se le deleguen facultades legislativas, de tal variedad y magnitud, que el Congreso quedar\u00e1 pr\u00e1cticamente paralizado en su labor legislativa.<\/span><\/em><\/strong><\/p>\n<p style=\"text-align: justify;\">Todos sabemos perfectamente que el actual Congreso no se caracteriza por su calidad, transparencia, idoneidad y sapiencia, pero es el Congreso de la Rep\u00fablica que los ciudadanos eligieron con su voto, y mal que bien habr\u00e1 que soportarlo hasta el 27 de julio del 2016.<\/p>\n<p style=\"text-align: justify;\">Este Congreso, pese a sus carencias, bien podr\u00eda dictaminar los proyectos de ley que con car\u00e1cter urgente le sean presentados por el Gobierno Nacional y adicionalmente discutirlos en el Pleno a la brevedad, pero lamentablemente la desconfianza en \u00e9l es notoria, aunque no justifica que se le quieran sustraer sus atribuciones por ciento veinte d\u00edas para que el Poder Ejecutivo, pr\u00e1cticamente, legisle sobre lo que le da la gana.<\/p>\n<p style=\"text-align: justify;\">La lista de materias objeto de la delegaci\u00f3n pretendida por el Ejecutivo es enorme, tan grande como la lista de lavander\u00eda de un hotel.\u00a0 Realmente es una demas\u00eda injustificable, pese a que existen sectores que la avalen al considerar que el Parlamento se ha quedado circunscrito a tratar sobre s\u00ed el se\u00f1or capturado en Bolivia vino afeitado o sin afeitar, o si el chocolate saboreado por la primera dama ten\u00eda avellanas o almendras.<\/p>\n<p style=\"text-align: justify;\"><strong><em><span style=\"color: #000080;\">Es penoso, pero el Congreso da la sensaci\u00f3n que est\u00e1 en lo anecd\u00f3tico y no entiende lo que viene pasando en el pa\u00eds, en que fuerzas del Movadef, Tierra y Libertad, y Patria Roja destruyen el pa\u00eds, con discursos y acciones que atentan contra las inversiones, seguramente para que el Per\u00fa no progrese y que su pr\u00e9dica llegue a gente que se ha quedado en la pobreza, casualmente por la falta de inversi\u00f3n que les otorgue trabajo y los haga elevar su nivel de vida<\/span><\/em><\/strong>.<\/p>\n<p style=\"text-align: justify;\">Sin embargo, nada de ello impedir\u00eda que el Parlamento procese los proyectos de ley que presente el Ejecutivo y haga su tarea, en lugar de pasarle la pelota al Gobierno v\u00eda delegaci\u00f3n de facultades legislativas.<\/p>\n<p style=\"text-align: justify;\">Francamente es abusiva la solicitud del Gobierno, pues encierra de todo y para todo, tiene que ver con la promoci\u00f3n, fomento y agilizaci\u00f3n de las inversiones, la facilitaci\u00f3n del comercio, el desarrollo del mercado de capitales, deuda p\u00fablica, tr\u00e1mites y gestiones, reforzamiento del marco legal y el rol del Estado en materia de seguridad, de actividades energ\u00e9ticas y mineras.\u00a0 Tambi\u00e9n para interconexi\u00f3n internacional de sectores el\u00e9ctricos, la promoci\u00f3n de recursos hidrobiol\u00f3gicos, la transferencia tecnol\u00f3gica, parques industriales, vivienda y construcci\u00f3n, formalizaci\u00f3n de la propiedad, saneamiento y cuanta cosa se les puede ocurrir.<\/p>\n<p><em><strong><span style=\"color: #000080;\">No se pasen, pese a todo el Congreso no puede quedar de adorno.<\/span><\/strong><\/em><\/p>\n<p>&nbsp;<\/p>\n<p>*<strong>\u00a0<\/strong><strong>Reconocido jurista y\u00a0pol\u00edtico\u00a0peruano<\/strong><strong>\u00a0<\/strong><strong>Fundador del partido\u00a0ORDEN<\/strong><\/p>\n<p>&nbsp;<\/p>\n<p><strong>Candidato a la \u00a0presidencia del Per\u00fa en las elecciones del 2016<\/strong><\/p>\n<p>&nbsp;<\/p>\n<p>Ha sido Diputado, Constituyente y Congresista de la Rep\u00fablica del Per\u00fa, siempre de la mano del Partido Popular Cristiano. En el 2004, fue electo como Presidente del Congreso entre otros importantes cargos diplom\u00e1ticos.<\/p>\n<p><em><strong><span style=\"color: #000080;\">\u00a0<\/span><\/strong><\/em><\/p>\n<p>&nbsp;<\/p>\n","protected":false},"excerpt":{"rendered":"<p>Por Antero Flores-Araoz* Indiscutiblemente el edificio del Congreso de la Rep\u00fablica, al igual que las obras de arte y archivos que contiene, son un lujo de gran valor y adornan la capital del Per\u00fa, aunque no podemos decir lo mismo de muchos titulares de las curules. Ahora, el Poder Ejecutivo pretende que no solamente el edificio del Parlamento constituya pieza de ornato, sino que como instituci\u00f3n se encuentre de adorno, pues present\u00f3 un proyecto de ley para que se le deleguen facultades legislativas, de tal variedad y magnitud, que el Congreso quedar\u00e1 pr\u00e1cticamente paralizado en su labor legislativa. Todos sabemos&#8230;<\/p>\n","protected":false},"author":1,"featured_media":0,"comment_status":"open","ping_status":"open","sticky":false,"template":"","format":"standard","meta":{"footnotes":""},"categories":[90],"tags":[1956,4459,237,236],"class_list":["post-13498","post","type-post","status-publish","format-standard","hentry","category-pensando-en-voz-alta","tag-antero-flores-araoz","tag-belaunde-lossio","tag-nadine-heredia","tag-ollanta-humala"],"_links":{"self":[{"href":"https:\/\/www.turistamagazine.com\/v2\/index.php?rest_route=\/wp\/v2\/posts\/13498","targetHints":{"allow":["GET"]}}],"collection":[{"href":"https:\/\/www.turistamagazine.com\/v2\/index.php?rest_route=\/wp\/v2\/posts"}],"about":[{"href":"https:\/\/www.turistamagazine.com\/v2\/index.php?rest_route=\/wp\/v2\/types\/post"}],"author":[{"embeddable":true,"href":"https:\/\/www.turistamagazine.com\/v2\/index.php?rest_route=\/wp\/v2\/users\/1"}],"replies":[{"embeddable":true,"href":"https:\/\/www.turistamagazine.com\/v2\/index.php?rest_route=%2Fwp%2Fv2%2Fcomments&post=13498"}],"version-history":[{"count":4,"href":"https:\/\/www.turistamagazine.com\/v2\/index.php?rest_route=\/wp\/v2\/posts\/13498\/revisions"}],"predecessor-version":[{"id":13502,"href":"https:\/\/www.turistamagazine.com\/v2\/index.php?rest_route=\/wp\/v2\/posts\/13498\/revisions\/13502"}],"wp:attachment":[{"href":"https:\/\/www.turistamagazine.com\/v2\/index.php?rest_route=%2Fwp%2Fv2%2Fmedia&parent=13498"}],"wp:term":[{"taxonomy":"category","embeddable":true,"href":"https:\/\/www.turistamagazine.com\/v2\/index.php?rest_route=%2Fwp%2Fv2%2Fcategories&post=13498"},{"taxonomy":"post_tag","embeddable":true,"href":"https:\/\/www.turistamagazine.com\/v2\/index.php?rest_route=%2Fwp%2Fv2%2Ftags&post=13498"}],"curies":[{"name":"wp","href":"https:\/\/api.w.org\/{rel}","templated":true}]}}