{"id":13486,"date":"2015-06-05T11:39:46","date_gmt":"2015-06-05T16:39:46","guid":{"rendered":"http:\/\/www.turistamagazine.com\/v2\/?p=13486"},"modified":"2015-06-05T12:16:51","modified_gmt":"2015-06-05T17:16:51","slug":"ue-aplicacion-provisional-de-eliminacion-de-visa-schengen-se-decide-en-octubre-o-noviembre","status":"publish","type":"post","link":"https:\/\/www.turistamagazine.com\/v2\/?p=13486","title":{"rendered":"UE: APLICACI\u00d3N PROVISIONAL DE ELIMINACI\u00d3N DE VISA SCHENGEN SE DECIDE EN OCTUBRE O NOVIEMBRE"},"content":{"rendered":"<p style=\"text-align: justify;\">Viernes, 05 de junio del 2015.- En la II Cumbre UE-CELAC, que se realizar\u00e1 el 10 y 11 de junio, en Bruselas, se suscribir\u00e1 el compromiso para eliminar la visa Schengen. Esta es la inicializaci\u00f3n del acuerdo y ser\u00e1 firmado por el presidente Ollanta Humala, dijo la embajadora Horejs.<\/p>\n<p style=\"text-align: justify;\">El sue\u00f1o de viajar a Europa sin visa est\u00e1 cada vez m\u00e1s cerca. La eliminaci\u00f3n de la visa Schengen para los peruanos puede entrar en vigor provisionalmente, y est\u00e1 decisi\u00f3n ser\u00eda tomada en octubre o noviembre de este a\u00f1o, sostuvo la embajadora de la Uni\u00f3n Europea (UE) en el Per\u00fa, Irene Horejs.<\/p>\n<p style=\"text-align: justify;\">La funcionaria explic\u00f3 que en la II Cumbre de la Uni\u00f3n Europea \u2013 Comunidad de Estados Latinoamericanos y Caribe\u00f1os (UE-Celac), que se realizar\u00e1 el 10 y 11 de junio, en Bruselas, B\u00e9lgica, se suscribir\u00e1 un compromiso para concretar la eliminaci\u00f3n de la visa.<\/p>\n<p style=\"text-align: justify;\">\u201cEsta es la inicializaci\u00f3n del acuerdo y el documento ser\u00e1 firmado por el presidente Ollanta Humala\u201d, luego que en la v\u00edspera el Congreso aprob\u00f3 su viaje a Europa, manifest\u00f3 a gestion.pe.<\/p>\n<p style=\"text-align: justify;\">Posteriormente, el acuerdo pasar\u00e1 por los comit\u00e9s de la UE para su aprobaci\u00f3n y firma oficial. A partir de entonces, el acuerdo podr\u00e1 entrar en vigor provisionalmente antes de su ratificaci\u00f3n final.<\/p>\n<p style=\"text-align: justify;\">\u201cEl documento ser\u00e1 finalizado y para ello pasa por los diferentes estamentos de decisi\u00f3n de la UE y probablemente en dos o tres meses se podr\u00e1 firmar formalmente. Una vez suscrito, veremos si se puede pasar a la aplicaci\u00f3n provisional o no. Esto ser\u00eda en octubre o noviembre del a\u00f1o en curso\u201d, indic\u00f3.<\/p>\n<p style=\"text-align: justify;\">Sin embargo, refiri\u00f3 que tambi\u00e9n ser\u00e1 necesario contar con el pasaporte biom\u00e9trico ya que brindar\u00e1 mayor seguridad. Cabe indicar que la Canciller\u00eda dijo recientemente que empezar\u00e1 a emitir desde noviembre de este a\u00f1o los primeros pasaportes biom\u00e9tricos.<\/p>\n<p style=\"text-align: justify;\"><strong><em><span style=\"color: #000080;\">Confianza<\/span><\/em><\/strong><\/p>\n<p style=\"text-align: justify;\">Horejs sostuvo que la eliminaci\u00f3n de la visa Schengen es una expresi\u00f3n de confianza de la Uni\u00f3n Europea en el sistema peruano, ya que una visa es una medida de seguridad.<\/p>\n<p style=\"text-align: justify;\">\u201cExonerar de la visa Schengen significa que hay confianza en que los controles del Estado (peruano) son rigurosos y que los documentos que el Estado emite son seguros, y que hay confianza en que habr\u00e1 intercambio de datos, si se requiere\u201d, indic\u00f3.<\/p>\n<p>\u00a0F\/ Diario Gesti\u00f3n<\/p>\n<p>&nbsp;<\/p>\n","protected":false},"excerpt":{"rendered":"<p>Viernes, 05 de junio del 2015.- En la II Cumbre UE-CELAC, que se realizar\u00e1 el 10 y 11 de junio, en Bruselas, se suscribir\u00e1 el compromiso para eliminar la visa Schengen. Esta es la inicializaci\u00f3n del acuerdo y ser\u00e1 firmado por el presidente Ollanta Humala, dijo la embajadora Horejs. El sue\u00f1o de viajar a Europa sin visa est\u00e1 cada vez m\u00e1s cerca. La eliminaci\u00f3n de la visa Schengen para los peruanos puede entrar en vigor provisionalmente, y est\u00e1 decisi\u00f3n ser\u00eda tomada en octubre o noviembre de este a\u00f1o, sostuvo la embajadora de la Uni\u00f3n Europea (UE) en el Per\u00fa, Irene&#8230;<\/p>\n","protected":false},"author":1,"featured_media":0,"comment_status":"open","ping_status":"open","sticky":false,"template":"","format":"standard","meta":{"footnotes":""},"categories":[4,82],"tags":[662,4457,398],"class_list":["post-13486","post","type-post","status-publish","format-standard","hentry","category-breaking-news","category-nacionales","tag-irene-horejs","tag-isa-schengen","tag-union-europea"],"_links":{"self":[{"href":"https:\/\/www.turistamagazine.com\/v2\/index.php?rest_route=\/wp\/v2\/posts\/13486","targetHints":{"allow":["GET"]}}],"collection":[{"href":"https:\/\/www.turistamagazine.com\/v2\/index.php?rest_route=\/wp\/v2\/posts"}],"about":[{"href":"https:\/\/www.turistamagazine.com\/v2\/index.php?rest_route=\/wp\/v2\/types\/post"}],"author":[{"embeddable":true,"href":"https:\/\/www.turistamagazine.com\/v2\/index.php?rest_route=\/wp\/v2\/users\/1"}],"replies":[{"embeddable":true,"href":"https:\/\/www.turistamagazine.com\/v2\/index.php?rest_route=%2Fwp%2Fv2%2Fcomments&post=13486"}],"version-history":[{"count":3,"href":"https:\/\/www.turistamagazine.com\/v2\/index.php?rest_route=\/wp\/v2\/posts\/13486\/revisions"}],"predecessor-version":[{"id":13488,"href":"https:\/\/www.turistamagazine.com\/v2\/index.php?rest_route=\/wp\/v2\/posts\/13486\/revisions\/13488"}],"wp:attachment":[{"href":"https:\/\/www.turistamagazine.com\/v2\/index.php?rest_route=%2Fwp%2Fv2%2Fmedia&parent=13486"}],"wp:term":[{"taxonomy":"category","embeddable":true,"href":"https:\/\/www.turistamagazine.com\/v2\/index.php?rest_route=%2Fwp%2Fv2%2Fcategories&post=13486"},{"taxonomy":"post_tag","embeddable":true,"href":"https:\/\/www.turistamagazine.com\/v2\/index.php?rest_route=%2Fwp%2Fv2%2Ftags&post=13486"}],"curies":[{"name":"wp","href":"https:\/\/api.w.org\/{rel}","templated":true}]}}