{"id":13428,"date":"2015-06-03T17:04:46","date_gmt":"2015-06-03T22:04:46","guid":{"rendered":"http:\/\/www.turistamagazine.com\/v2\/?p=13428"},"modified":"2015-06-03T17:08:50","modified_gmt":"2015-06-03T22:08:50","slug":"willy-angulo-40-ano-en-la-actividad-turistica-y-hotelera","status":"publish","type":"post","link":"https:\/\/www.turistamagazine.com\/v2\/?p=13428","title":{"rendered":"WILLY ANGULO 40 A\u00d1O EN  LA ACTIVIDAD   TURISTICA Y HOTELERA"},"content":{"rendered":"<p style=\"text-align: justify;\">40 a\u00f1os se dicen y escriben muy f\u00e1cilmente, no lo conocemos \u00a0los 40 a\u00f1os pero si m\u00e1s de 25, y realmente jam\u00e1s lo hemos visto con \u00a0el rostro adusto, siempre con una amplia sonrisa\u00a0 y con una frase de admiraci\u00f3n para sus amigas mujeres.<\/p>\n<p style=\"text-align: justify;\">Correcta \u00a0y elegantemente \u00a0vestido siempre, muy \u00abchic\u00bb lo que le ha\u00a0 valido que todos sus amigos, lo llamen y lo consideren el\u00a0 \u201cCanciller del Turismo\u201d \u00a0es muy querido por todos, creemos que Willy no tiene enemigos, ya que su innato don de gente le otorga una simpat\u00eda especial.<\/p>\n<p style=\"text-align: justify;\">Willy nos comenta que, fue \u00a0un \u00a0\u00a01\u00b0 de junio, \u00a0de hace 40 a\u00f1os que ingres\u00f3 al mundo de la hoteler\u00eda en la Residencial Ritz precisamente \u00a0el 1\u00b0 de junio de 1975, y que en su larga carrera ha pasado por 10 hoteles, \u00a0entre los que podemos contar naturalmente la Residencial Ritz, \u00a0al emblem\u00e1tico primer 5 estrellas de Lima el Sheraton Lima Hotel &amp; Convention Center, el Hotel \u00a0Melia, El Olivar, el Hotele el Pueblo cuando pertenec\u00eda a la familia Schuller, el Hotel Las Am\u00e9ricas al lado de otro gran amigo que ya no est\u00e1 entre nosotros David Griffith \u00a0y actualmente en el Swissotel Lima \u00a0ya 11 a\u00f1os donde se destaca como Director de Relaciones P\u00fablicas.<\/p>\n<p style=\"text-align: justify;\"><span style=\"color: #000080;\"><strong><em>Nosotros en particular tenemos una an\u00e9cdota con Willy, cuando Hern\u00e1n Villar creo la revista \u201cTurista en el\u00a0 Per\u00fa y el Mundo\u201d en Blanco y Negro como todos recordar\u00e1n, en mi calidad de Gerente de Marketing, \u00a0fui a visitarlo a su oficina, era la primera empresa y persona \u00a0con la cual me entrevistar\u00eda, \u00a0y con mucho temor \u00a0y con el coraz\u00f3n acelerado, no por \u00e9l que siempre ha sido \u00abHandsome\u00bb, sino por la experiencia de venta de intangibles como es la publicidad, en la que no ten\u00eda ninguna experiencia\u2026, y\u00a0 para que les cuento fue el primer contrato que obtuve para nuestra revista en blanco y negro, digamos que fue mi \u201cpadrino\u201d en la venta de publicidad, naturalmente yo ten\u00eda el aval de Hern\u00e1n villar que ya era mucho decir\u2026<\/em><\/strong><\/span><\/p>\n<p style=\"text-align: justify;\">Nuestro querido amigo Willy Angulo, est\u00e1 casado con la\u00a0 encantadora Marit\u00e9\u00a0 Rotalde de Roma\u00f1a, hija de quien fuera el Almirante \u00c1lvaro Rotalde de Roma\u00f1a, compa\u00f1ero de colegio de Hern\u00e1n Villar\u2026 y la historia sigue\u2026<\/p>\n<p style=\"text-align: justify;\">Con Marit\u00e9 ha formado una feliz familia en la que tienen 3 hijos, Paola que sigue los pasos de su padre y trabaja en el Hotel Belmond, \u00c1lvaro que trabaja en publicidad y el \u00faltimo Mauricio, cadete de la escuela Naval del Per\u00fa, que \u00a0seguir\u00e1 los pasos de su abuelo materno.<\/p>\n<p style=\"text-align: justify;\">El Centro Internacional de Difusi\u00f3n Tur\u00edstica que dirig\u00eda Hern\u00e1n Villar le entreg\u00f3 un reconocimiento especial cuando Willy cumpli\u00f3 las Bodas de Plata en la Hoteler\u00eda.<\/p>\n<p style=\"text-align: justify;\">Le preguntamos a Willy si ten\u00eda un hobby o que era lo que m\u00e1s le gustaba y nos cont\u00f3 que es un apasionado de las corbatas, y gemelos, y que las corbatas tienen que coordinar con los gemelos\u2026 As\u00ed que ya saben amigas, lo que tienen que regalarle a Willy para su pr\u00f3ximo cumplea\u00f1os\u2026<\/p>\n<p style=\"text-align: justify;\">Finalmente, Willy expresa\u00a0 <span style=\"color: #000080;\"><strong><em>\u201csoy agradecido, por lo tanto empiezo a dar gracias a dios,\u00a0 a mi madre, a Marit\u00e9, a mis hijos y a toda mi familia, \u00a0como tambi\u00e9n a ustedes que son muchos y como lo \u00a0digo siempre, bien contactado, muy relacionado y muy querido qu\u00e9 m\u00e1s puedo pedir si no decirles gracias\u201d.<\/em><\/strong><\/span><\/p>\n<p>UN FUERTE ABRAZO,<\/p>\n<p>Willy Angulo Miranda<\/p>\n<p>Foto de portad a\/\u00a0Willy al centro y el embajador del Per\u00fa en Sud\u00e1frica Nicol\u00e1s Roncagliolo a su izquierda.<\/p>\n<p style=\"text-align: right;\"><strong>Elena Villar<\/strong><\/p>\n","protected":false},"excerpt":{"rendered":"<p>40 a\u00f1os se dicen y escriben muy f\u00e1cilmente, no lo conocemos \u00a0los 40 a\u00f1os pero si m\u00e1s de 25, y realmente jam\u00e1s lo hemos visto con \u00a0el rostro adusto, siempre con una amplia sonrisa\u00a0 y con una frase de admiraci\u00f3n para sus amigas mujeres. Correcta \u00a0y elegantemente \u00a0vestido siempre, muy \u00abchic\u00bb lo que le ha\u00a0 valido que todos sus amigos, lo llamen y lo consideren el\u00a0 \u201cCanciller del Turismo\u201d \u00a0es muy querido por todos, creemos que Willy no tiene enemigos, ya que su innato don de gente le otorga una simpat\u00eda especial. Willy nos comenta que, fue \u00a0un \u00a0\u00a01\u00b0 de&#8230;<\/p>\n","protected":false},"author":1,"featured_media":0,"comment_status":"open","ping_status":"open","sticky":false,"template":"","format":"standard","meta":{"footnotes":""},"categories":[90],"tags":[4441,4440],"class_list":["post-13428","post","type-post","status-publish","format-standard","hentry","category-pensando-en-voz-alta","tag-40-anos-en-hoteleria-y-turismo","tag-willy-angulo-miranda"],"_links":{"self":[{"href":"https:\/\/www.turistamagazine.com\/v2\/index.php?rest_route=\/wp\/v2\/posts\/13428","targetHints":{"allow":["GET"]}}],"collection":[{"href":"https:\/\/www.turistamagazine.com\/v2\/index.php?rest_route=\/wp\/v2\/posts"}],"about":[{"href":"https:\/\/www.turistamagazine.com\/v2\/index.php?rest_route=\/wp\/v2\/types\/post"}],"author":[{"embeddable":true,"href":"https:\/\/www.turistamagazine.com\/v2\/index.php?rest_route=\/wp\/v2\/users\/1"}],"replies":[{"embeddable":true,"href":"https:\/\/www.turistamagazine.com\/v2\/index.php?rest_route=%2Fwp%2Fv2%2Fcomments&post=13428"}],"version-history":[{"count":4,"href":"https:\/\/www.turistamagazine.com\/v2\/index.php?rest_route=\/wp\/v2\/posts\/13428\/revisions"}],"predecessor-version":[{"id":13432,"href":"https:\/\/www.turistamagazine.com\/v2\/index.php?rest_route=\/wp\/v2\/posts\/13428\/revisions\/13432"}],"wp:attachment":[{"href":"https:\/\/www.turistamagazine.com\/v2\/index.php?rest_route=%2Fwp%2Fv2%2Fmedia&parent=13428"}],"wp:term":[{"taxonomy":"category","embeddable":true,"href":"https:\/\/www.turistamagazine.com\/v2\/index.php?rest_route=%2Fwp%2Fv2%2Fcategories&post=13428"},{"taxonomy":"post_tag","embeddable":true,"href":"https:\/\/www.turistamagazine.com\/v2\/index.php?rest_route=%2Fwp%2Fv2%2Ftags&post=13428"}],"curies":[{"name":"wp","href":"https:\/\/api.w.org\/{rel}","templated":true}]}}