{"id":13297,"date":"2015-05-28T09:41:03","date_gmt":"2015-05-28T14:41:03","guid":{"rendered":"http:\/\/www.turistamagazine.com\/v2\/?p=13297"},"modified":"2015-05-30T15:48:41","modified_gmt":"2015-05-30T20:48:41","slug":"el-saber-no-ocupa-lugar","status":"publish","type":"post","link":"https:\/\/www.turistamagazine.com\/v2\/?p=13297","title":{"rendered":"EL SABER NO OCUPA LUGAR"},"content":{"rendered":"<p style=\"text-align: justify;\">Con esa frase tan popular y significativa hemos crecido y estamos totalmente convencido de ello, por lo tanto \u00a0volvimos a ser alumnos\u00a0 despu\u00e9s de algunos a\u00f1os que ya dejamos la Universidad, y nos pusimos\u00a0 en el lado opuesto al que estamos acostumbrados ser profesores, y vimos que ya no la ten\u00edamos tan f\u00e1cil.<\/p>\n<p style=\"text-align: justify;\">Con mucho entusiasmo nos presentamos en el aula 106 de la \u00a0Facultad de Turismo de la Universidad\u00a0 de \u00a0San Mart\u00edn de Porres \u00a0en calidad de alumnos, a ver qu\u00e9 de nuevo pod\u00edamos aprender, y nos reencontramos en su condici\u00f3n \u00a0de alumnos tan igual como nosotros, a profesores que compartieron sus conocimientos en la pre de la carrera de Turismo y Hoteler\u00eda, y pensamos <span style=\"color: #000080;\"><strong><em>como que la cosa no pinta f\u00e1cil<\/em><\/strong>\u00a0<\/span> si nuestros excelentes profesores estaban tambi\u00e9n sentados y dispuestos a seguir las clases, ya con un poco de preocupaci\u00f3n tomamos asiento en el aula equipada con todos los elemento tecnol\u00f3gicos para dictar clases.<\/p>\n<p style=\"text-align: justify;\">\u00a0\u00a0Sinceramente y muy \u00a0\u00a0\u00a0<span style=\"color: #000080;\"><strong><em>\u201cconfidencialmente\u201d<\/em><\/strong><\/span> \u00a0les \u00a0comento que El Curso \u00a0\u00a0de Capacitaci\u00f3n en Investigaci\u00f3n, B\u00fasqueda y An\u00e1lisis de Informaci\u00f3n, y Redacci\u00f3n Cient\u00edfica, nos mostr\u00f3 que todo cambia vertiginosamente y que es necesario no conformarse con lo que ya se sabe, hay que actualizarse constantemente, hemos tenido que hacer trabajos en el aula, y tareas en casa\u2026y recodamos que \u00ab<span style=\"color: #000080;\"><strong><em>una cosa es con guitarra y otro con caj\u00f3n\u00bb\u00a0<\/em><\/strong><\/span>\u00a0pero realmente con mucha satisfacci\u00f3n les decimos que hemos aprobado los tres m\u00f3dulos, hemos trabajado en equipo, que es muy buena metodolog\u00eda, nos falta todav\u00eda un m\u00f3dulo \u00a0el de \u00a0<strong><em><span style=\"color: #000080;\">\u201cRedacci\u00f3n Cient\u00edfica-Elaboraci\u00f3n y Redacci\u00f3n de Ensayos, Rese\u00f1as y Art\u00edculos Cient\u00edficos\u00bb.<\/span><\/em><\/strong><\/p>\n<p style=\"text-align: justify;\">Ya no alistamos para empezar, con el entusiasmo y voluntad de siempre el \u00faltimo modulo, mas el curso ha sido tan intenso y productivo que un \u00a0 compa\u00f1ero Francis Yi,\u00a0muy \u00a0profesional por supuesto corrobor\u00f3 \u00a0muy Socr\u00e1tico \u00e9l, \u00a0lo que nosotros tambi\u00e9n pens\u00e1bamos, con todo lo hemos aprendido \u00ab<span style=\"color: #000080;\"><strong><em>s\u00f3lo s\u00e9 que nada s\u00e9\u00bb<\/em><\/strong><\/span>\u00a0y que tendremos que replantearnos todos los esquemas en cuanto a investigaci\u00f3n Cient\u00edfica\u2026<\/p>\n<p style=\"text-align: justify;\">No obstante, no estamos nada desanimados todo lo contrario, convencidos siempre que \u00a0<span style=\"color: #000080;\"><strong>EL SABER NO OCUPA LUGA<\/strong>R<\/span><\/p>\n<p style=\"text-align: right;\"><strong>Elena Villar<\/strong><\/p>\n<p>&nbsp;<\/p>\n","protected":false},"excerpt":{"rendered":"<p>Con esa frase tan popular y significativa hemos crecido y estamos totalmente convencido de ello, por lo tanto \u00a0volvimos a ser alumnos\u00a0 despu\u00e9s de algunos a\u00f1os que ya dejamos la Universidad, y nos pusimos\u00a0 en el lado opuesto al que estamos acostumbrados ser profesores, y vimos que ya no la ten\u00edamos tan f\u00e1cil. Con mucho entusiasmo nos presentamos en el aula 106 de la \u00a0Facultad de Turismo de la Universidad\u00a0 de \u00a0San Mart\u00edn de Porres \u00a0en calidad de alumnos, a ver qu\u00e9 de nuevo pod\u00edamos aprender, y nos reencontramos en su condici\u00f3n \u00a0de alumnos tan igual como nosotros, a profesores&#8230;<\/p>\n","protected":false},"author":1,"featured_media":0,"comment_status":"open","ping_status":"open","sticky":false,"template":"","format":"standard","meta":{"footnotes":""},"categories":[90],"tags":[],"class_list":["post-13297","post","type-post","status-publish","format-standard","hentry","category-pensando-en-voz-alta"],"_links":{"self":[{"href":"https:\/\/www.turistamagazine.com\/v2\/index.php?rest_route=\/wp\/v2\/posts\/13297","targetHints":{"allow":["GET"]}}],"collection":[{"href":"https:\/\/www.turistamagazine.com\/v2\/index.php?rest_route=\/wp\/v2\/posts"}],"about":[{"href":"https:\/\/www.turistamagazine.com\/v2\/index.php?rest_route=\/wp\/v2\/types\/post"}],"author":[{"embeddable":true,"href":"https:\/\/www.turistamagazine.com\/v2\/index.php?rest_route=\/wp\/v2\/users\/1"}],"replies":[{"embeddable":true,"href":"https:\/\/www.turistamagazine.com\/v2\/index.php?rest_route=%2Fwp%2Fv2%2Fcomments&post=13297"}],"version-history":[{"count":5,"href":"https:\/\/www.turistamagazine.com\/v2\/index.php?rest_route=\/wp\/v2\/posts\/13297\/revisions"}],"predecessor-version":[{"id":13299,"href":"https:\/\/www.turistamagazine.com\/v2\/index.php?rest_route=\/wp\/v2\/posts\/13297\/revisions\/13299"}],"wp:attachment":[{"href":"https:\/\/www.turistamagazine.com\/v2\/index.php?rest_route=%2Fwp%2Fv2%2Fmedia&parent=13297"}],"wp:term":[{"taxonomy":"category","embeddable":true,"href":"https:\/\/www.turistamagazine.com\/v2\/index.php?rest_route=%2Fwp%2Fv2%2Fcategories&post=13297"},{"taxonomy":"post_tag","embeddable":true,"href":"https:\/\/www.turistamagazine.com\/v2\/index.php?rest_route=%2Fwp%2Fv2%2Ftags&post=13297"}],"curies":[{"name":"wp","href":"https:\/\/api.w.org\/{rel}","templated":true}]}}