{"id":13253,"date":"2015-05-27T21:37:44","date_gmt":"2015-05-28T02:37:44","guid":{"rendered":"http:\/\/www.turistamagazine.com\/v2\/?p=13253"},"modified":"2015-05-28T16:39:22","modified_gmt":"2015-05-28T21:39:22","slug":"primer-curso-de-capacitacion-en-investigacion-busqueda-y-analisis-de-informacion-y-redaccion-cientifica-2","status":"publish","type":"post","link":"https:\/\/www.turistamagazine.com\/v2\/?p=13253","title":{"rendered":"PRIMER CURSO DE CAPACITACI\u00d3N EN INVESTIGACI\u00d3N, B\u00daSQUEDA Y AN\u00c1LISIS DE INFORMACI\u00d3N, Y REDACCI\u00d3N CIENT\u00cdFICA"},"content":{"rendered":"<p style=\"text-align: justify;\">28 de Mayo 2015.- .-\u00a0De manera satisfactoria se dio por concluido \u00a0 el segundo \u00a0m\u00f3dulo del \u00a0 curso de\u00a0<em><strong><span style=\"color: #000080;\">Capacitaci\u00f3n en Investigaci\u00f3n, B\u00fasqueda \u00a0de informaci\u00f3n y Redacci\u00f3n Cient\u00edfica y An\u00e1lisis de Informaci\u00f3n<\/span>,<\/strong><\/em>\u00a0organizado por el Instituto de Investigaci\u00f3n de Turismo y Hoteler\u00eda, de la Universidad de San Mart\u00edn de Porres, \u00a0cuya Directora es \u00a0la Dra. Milagros Alegr\u00eda \u00a0la Rosa, dirigido a investigadores y docentes de la Escuela Profesional de turismo y Hoteler\u00eda ( EPTH).<\/p>\n<p style=\"text-align: justify;\">El curso consta de cuatro m\u00f3dulos al cual asisten cerca de 30 profesionales, los que \u00a0se dictan todos los s\u00e1bados full day \u00a0y que tendr\u00e1n una duraci\u00f3n\u00a0 de 6 meses, \u00a0con la finalidad \u00a0de dotar de todas las herramientas en cuanto a metodolog\u00eda de la investigaci\u00f3n se refiere \u00a0para que puedan ser \u00a0aplicados por los docentes e investigadores en todos los trabajos que se realicen en la Universidad<\/p>\n<p style=\"text-align: justify;\"><span style=\"color: #000080;\"><em><strong>El segundo m\u00f3dulo estuvo a cargo de la Magister Ana Alem\u00e1n Carmona \u00a0que se bas\u00f3 en la Metodolog\u00eda de la Investigaci\u00f3n en Turismo y Hoteler\u00eda. Enfoque Cualitativo<\/strong><\/em><\/span><\/p>\n<p style=\"text-align: justify;\"><span style=\"color: #000080;\"><em><strong>Y el tercer m\u00f3dulo basado en la B\u00fasqueda y An\u00e1lisis de Fuentes Hist\u00f3ricas para la investigaci\u00f3n en Turismo y Hoteler\u00eda estuvo a cargo de los Drs. Teodoro Hampe Martinez, y Fernando Armas As\u00edn.<\/strong><\/em><\/span><\/p>\n<p style=\"text-align: justify;\">De acuerdo al presidente de la comisi\u00f3n de Educaci\u00f3n del Congreso Daniel Mora, manifest\u00f3 en cierta oportunidad que si lamentablemente el pa\u00eds estaba en \u00a0tan mala ubicaci\u00f3n en educaci\u00f3n en el mundo, era porque se invert\u00eda muy poco en investigaci\u00f3n.<\/p>\n<p style=\"text-align: justify;\">El Dr. Johan Leuridan Decano \u00a0de La facultad de CC.CC. Psicolog\u00eda, Turismo y Hoteler\u00eda de \u00a0La Universidad de San Mart\u00edn de Porres,\u00a0 consciente de \u00a0este vac\u00edo ha \u00a0brindado todas las facilidades al proyecto presentado por \u00a0la Directora del Instituto de Investigaci\u00f3n \u00a0la Dra. Alegr\u00eda \u00a0la Rosa para que se lleve a cabo con \u00e9xito esta nueva fuente de \u00a0capacitaci\u00f3n.<\/p>\n<div id=\"attachment_13254\" style=\"width: 310px\" class=\"wp-caption aligncenter\"><a href=\"https:\/\/www.turistamagazine.com\/v2\/wp-content\/uploads\/2015\/05\/SAM_0692.jpg\"><img decoding=\"async\" aria-describedby=\"caption-attachment-13254\" class=\"size-medium wp-image-13254\" title=\"Nuestra Directora y un grupo de  profesionales que est\u00e1n llevando este curso posan sonrientes con el Dr. Fernando Armas As\u00edn\" src=\"https:\/\/www.turistamagazine.com\/v2\/wp-content\/uploads\/2015\/05\/SAM_0692-300x225.jpg\" alt=\"\" width=\"300\" height=\"225\" \/><\/a><p id=\"caption-attachment-13254\" class=\"wp-caption-text\">Nuestra Directora y un grupo de profesionales que est\u00e1n llevando este curso posan sonrientes con el Dr. Fernando Armas As\u00edn<\/p><\/div>\n<p>F\/ Turistamagazine.<\/p>\n","protected":false},"excerpt":{"rendered":"<p>28 de Mayo 2015.- .-\u00a0De manera satisfactoria se dio por concluido \u00a0 el segundo \u00a0m\u00f3dulo del \u00a0 curso de\u00a0Capacitaci\u00f3n en Investigaci\u00f3n, B\u00fasqueda \u00a0de informaci\u00f3n y Redacci\u00f3n Cient\u00edfica y An\u00e1lisis de Informaci\u00f3n,\u00a0organizado por el Instituto de Investigaci\u00f3n de Turismo y Hoteler\u00eda, de la Universidad de San Mart\u00edn de Porres, \u00a0cuya Directora es \u00a0la Dra. Milagros Alegr\u00eda \u00a0la Rosa, dirigido a investigadores y docentes de la Escuela Profesional de turismo y Hoteler\u00eda ( EPTH). El curso consta de cuatro m\u00f3dulos al cual asisten cerca de 30 profesionales, los que \u00a0se dictan todos los s\u00e1bados full day \u00a0y que tendr\u00e1n una duraci\u00f3n\u00a0 de&#8230;<\/p>\n","protected":false},"author":1,"featured_media":0,"comment_status":"open","ping_status":"open","sticky":false,"template":"","format":"standard","meta":{"footnotes":""},"categories":[4,82],"tags":[4408,4201,99,2562],"class_list":["post-13253","post","type-post","status-publish","format-standard","hentry","category-breaking-news","category-nacionales","tag-ana-aleman-carmona","tag-dra-milagros-alegria-la-rosa","tag-elenita-villar","tag-unv-san-martin-de-porres"],"_links":{"self":[{"href":"https:\/\/www.turistamagazine.com\/v2\/index.php?rest_route=\/wp\/v2\/posts\/13253","targetHints":{"allow":["GET"]}}],"collection":[{"href":"https:\/\/www.turistamagazine.com\/v2\/index.php?rest_route=\/wp\/v2\/posts"}],"about":[{"href":"https:\/\/www.turistamagazine.com\/v2\/index.php?rest_route=\/wp\/v2\/types\/post"}],"author":[{"embeddable":true,"href":"https:\/\/www.turistamagazine.com\/v2\/index.php?rest_route=\/wp\/v2\/users\/1"}],"replies":[{"embeddable":true,"href":"https:\/\/www.turistamagazine.com\/v2\/index.php?rest_route=%2Fwp%2Fv2%2Fcomments&post=13253"}],"version-history":[{"count":6,"href":"https:\/\/www.turistamagazine.com\/v2\/index.php?rest_route=\/wp\/v2\/posts\/13253\/revisions"}],"predecessor-version":[{"id":13261,"href":"https:\/\/www.turistamagazine.com\/v2\/index.php?rest_route=\/wp\/v2\/posts\/13253\/revisions\/13261"}],"wp:attachment":[{"href":"https:\/\/www.turistamagazine.com\/v2\/index.php?rest_route=%2Fwp%2Fv2%2Fmedia&parent=13253"}],"wp:term":[{"taxonomy":"category","embeddable":true,"href":"https:\/\/www.turistamagazine.com\/v2\/index.php?rest_route=%2Fwp%2Fv2%2Fcategories&post=13253"},{"taxonomy":"post_tag","embeddable":true,"href":"https:\/\/www.turistamagazine.com\/v2\/index.php?rest_route=%2Fwp%2Fv2%2Ftags&post=13253"}],"curies":[{"name":"wp","href":"https:\/\/api.w.org\/{rel}","templated":true}]}}