{"id":1317,"date":"2014-02-04T08:06:25","date_gmt":"2014-02-04T13:06:25","guid":{"rendered":"http:\/\/www.turistamagazine.com\/v2\/?p=1317"},"modified":"2014-02-04T08:06:25","modified_gmt":"2014-02-04T13:06:25","slug":"peru-recordaran-a-expresidente-venezolano-en-ceremonia-ancestral-andina","status":"publish","type":"post","link":"https:\/\/www.turistamagazine.com\/v2\/?p=1317","title":{"rendered":"PERU: RECORDAR\u00c1N A EXPRESIDENTE VENEZOLANO EN CEREMONIA ANCESTRAL ANDINA"},"content":{"rendered":"<p style=\"text-align: justify;\">Una ceremonia ancestral andina se realizar\u00e1 este martes, en el centro de Lima, para conmemorar el primer aniversario del fallecimiento del ex-presidente de Venezuela, Hugo Ch\u00e1vez.<\/p>\n<p style=\"text-align: justify;\">\u00a0Al acto, seg\u00fan los organizadores, han sido invitados representantes de distintas embajadas acreditadas en Lima, entre ellos el embajador de Venezuela en Lima, Alexander Y\u00e1nez Deleuze. Tambi\u00e9n representantes de los movimientos sociales y otras organizaciones locales.<\/p>\n<p style=\"text-align: justify;\">La ceremonia, a iniciarse a las 5 de la tarde, se llevar\u00e1 a cabo en la Wanka Taulichuco (Tawlichusku), ubicada en el pasaje de Santa Rosa, en el centro de Lima.<\/p>\n<p style=\"text-align: justify;\">Este evento coincidir\u00e1 con la celebraci\u00f3n del Poqoy Raymi Killa \u2013tiempo de maduraci\u00f3n de semillas- seg\u00fan la cosmovisi\u00f3n andina.<\/p>\n<p style=\"text-align: justify;\">Dina C\u00e1rdenas y Gladys Escudero, representantes de las asociaciones Pusaq y Pachamama, respectivamente, indicaron a la prensa que con este singular rito le rendir\u00e1n tributo al ex- mandatario venezolano, fallecido el 6 de marzo del 2013. f\/\u00a0Andina<\/p>\n","protected":false},"excerpt":{"rendered":"<p>Una ceremonia ancestral andina se realizar\u00e1 este martes, en el centro de Lima, para conmemorar el primer aniversario del fallecimiento del ex-presidente de Venezuela, Hugo Ch\u00e1vez. \u00a0Al acto, seg\u00fan los organizadores, han sido invitados representantes de distintas embajadas acreditadas en Lima, entre ellos el embajador de Venezuela en Lima, Alexander Y\u00e1nez Deleuze. Tambi\u00e9n representantes de los movimientos sociales y otras organizaciones locales. La ceremonia, a iniciarse a las 5 de la tarde, se llevar\u00e1 a cabo en la Wanka Taulichuco (Tawlichusku), ubicada en el pasaje de Santa Rosa, en el centro de Lima. Este evento coincidir\u00e1 con la celebraci\u00f3n del&#8230;<\/p>\n","protected":false},"author":1,"featured_media":0,"comment_status":"open","ping_status":"open","sticky":false,"template":"","format":"standard","meta":{"footnotes":""},"categories":[4,82],"tags":[404,321,330,151],"class_list":["post-1317","post","type-post","status-publish","format-standard","hentry","category-breaking-news","category-nacionales","tag-hugo-chavez","tag-lima","tag-turismo-en-el-peru","tag-venezuela"],"_links":{"self":[{"href":"https:\/\/www.turistamagazine.com\/v2\/index.php?rest_route=\/wp\/v2\/posts\/1317","targetHints":{"allow":["GET"]}}],"collection":[{"href":"https:\/\/www.turistamagazine.com\/v2\/index.php?rest_route=\/wp\/v2\/posts"}],"about":[{"href":"https:\/\/www.turistamagazine.com\/v2\/index.php?rest_route=\/wp\/v2\/types\/post"}],"author":[{"embeddable":true,"href":"https:\/\/www.turistamagazine.com\/v2\/index.php?rest_route=\/wp\/v2\/users\/1"}],"replies":[{"embeddable":true,"href":"https:\/\/www.turistamagazine.com\/v2\/index.php?rest_route=%2Fwp%2Fv2%2Fcomments&post=1317"}],"version-history":[{"count":2,"href":"https:\/\/www.turistamagazine.com\/v2\/index.php?rest_route=\/wp\/v2\/posts\/1317\/revisions"}],"predecessor-version":[{"id":1319,"href":"https:\/\/www.turistamagazine.com\/v2\/index.php?rest_route=\/wp\/v2\/posts\/1317\/revisions\/1319"}],"wp:attachment":[{"href":"https:\/\/www.turistamagazine.com\/v2\/index.php?rest_route=%2Fwp%2Fv2%2Fmedia&parent=1317"}],"wp:term":[{"taxonomy":"category","embeddable":true,"href":"https:\/\/www.turistamagazine.com\/v2\/index.php?rest_route=%2Fwp%2Fv2%2Fcategories&post=1317"},{"taxonomy":"post_tag","embeddable":true,"href":"https:\/\/www.turistamagazine.com\/v2\/index.php?rest_route=%2Fwp%2Fv2%2Ftags&post=1317"}],"curies":[{"name":"wp","href":"https:\/\/api.w.org\/{rel}","templated":true}]}}