{"id":12990,"date":"2015-05-20T10:38:30","date_gmt":"2015-05-20T15:38:30","guid":{"rendered":"http:\/\/www.turistamagazine.com\/v2\/?p=12990"},"modified":"2015-05-20T10:45:57","modified_gmt":"2015-05-20T15:45:57","slug":"lima-la-capital-de-buros-de-convenciones-de-latinoamerica-y-el-caribe","status":"publish","type":"post","link":"https:\/\/www.turistamagazine.com\/v2\/?p=12990","title":{"rendered":"LIMA LA CAPITAL DE BUR\u00d3S DE CONVENCIONES DE LATINOAM\u00c9RICA Y EL CARIBE"},"content":{"rendered":"<p style=\"text-align: justify;\">Doce representantes de Bur\u00f3s de la regi\u00f3n confirmaron su asistencia al 8\u00b0 Encuentro de Bur\u00f3s de Convenciones de Latinoam\u00e9rica y el Caribe a desarrollarse en Lima del 30 al 31 de mayo y que es organizada por el Bur\u00f3 de Convenciones y Visitantes de Lima y la Asociaci\u00f3n de Convention &amp; Visitors Bureaus de Latinoam\u00e9rica y el Caribe, con el apoyo de PromPer\u00fa, Fiexpo LATAM, RLA SAV y Westin.<\/p>\n<p style=\"text-align: justify;\">Los Bur\u00f3s y Oficina de Convenciones que confirmaron su asistencia provienen de las siguientes ciudades: Punta del Este (Uruguay), Monterrey (M\u00e9xico), Guadalajara (M\u00e9xico) Cartagena de Indias (Colombia), Bucaramanga (Colombia), Culiac\u00e1n (M\u00e9xico), Le\u00f3n (M\u00e9xico), Guatemala, Quito (Ecuador), San Juan (Puerto Rico), Valpara\u00edso (Chile) y Medell\u00edn (Colombia).<\/p>\n<p style=\"text-align: justify;\">Dicho encuentro internacional tiene como fin promover el intercambio de experiencias y conocimientos entre los Bur\u00f3s de Convenciones de la regi\u00f3n, y de esta manera generar una sinergia continua entre instituciones, a favor del crecimiento sustentable del Mercado de Turismo de Reuniones de Latinoam\u00e9rica y el Caribe, adem\u00e1s de un permanente y profesional trabajo en conjunto, capacitaci\u00f3n y promoci\u00f3n regional de los destinos.<\/p>\n<p style=\"text-align: justify;\">Seg\u00fan los organizadores, en la presente edici\u00f3n se pretende ser mucho m\u00e1s din\u00e1mico, con elementos innovadores, y se dispuso de un gran sal\u00f3n con m\u00f3dulos de trabajo para el intercambio y an\u00e1lisis de los temas que m\u00e1s preocupan e interesan a las instituciones y empresas vinculadas al sector.<\/p>\n<p style=\"text-align: justify;\">A continuaci\u00f3n es el programa oficial a cumplirse del 30 al 31 de mayo pr\u00f3ximo:<\/p>\n<p style=\"text-align: justify;\">\n<p style=\"text-align: justify;\"><strong>S\u00e1bado, 30 de mayo:<\/strong><\/p>\n<p style=\"text-align: justify;\">Consejo Directivo e Intercambio de Leads (candidaturas)<\/p>\n<p style=\"text-align: justify;\">09:00 \u2013 13:00 City Tour<\/p>\n<p style=\"text-align: justify;\">15:00 \u2013 18:00 Reuni\u00f3n de Consejo Directivo \u2013 Asociaci\u00f3n Latinoamericana y el Caribe de Convention &amp; Visitors Bureaus<\/p>\n<p style=\"text-align: justify;\">15:00 \u2013 18:00 Intercambio de leads (candidaturas)<\/p>\n<p style=\"text-align: justify;\">20:00 \u2013 22:00 Traslado del hotel sede a la Cena de Inauguraci\u00f3n \u2013 Restaurante Huaca Pucllana<\/p>\n<p style=\"text-align: justify;\"><strong>\u00a0Domingo, 31 de mayo:<\/strong><\/p>\n<p style=\"text-align: justify;\">Programa Acad\u00e9mico<\/p>\n<p style=\"text-align: justify;\">09:00 \u2013 11:00 Tema 1: Desbancando mitos: \u00bfel dinero te hace m\u00e1s rico? \u00abTo Do&#8217;s\u00bb (\u00bfqu\u00e9 hacer?) para ser un Bur\u00f3 de \u00e9xito con los recursos que tienes. Y qu\u00e9 se puede hacer para lograr m\u00e1s y mejores resultados.<\/p>\n<p style=\"text-align: justify;\">11:00 \u2013 11:15 Networking break<\/p>\n<p style=\"text-align: justify;\">11:15 \u2013 13:00 Temas libres: social media, desturistizar el concepto destino, otros.<\/p>\n<p style=\"text-align: justify;\">13:00 \u2013 14:15 Almuerzo de trabajo<\/p>\n<p style=\"text-align: justify;\">14:30 \u2013 16:30 Tema 2: Otra vez el \u201cRoom Tax\u201d &#8211; \u00bfser\u00e1 realmente la \u00fanica soluci\u00f3n?<\/p>\n<p style=\"text-align: justify;\">Todo lo que quieres saber pero no te atreves a preguntar.<\/p>\n<p style=\"text-align: justify;\">16:30 \u2013 16:45 Networking break<\/p>\n<p style=\"text-align: justify;\">16:45 \u2013 17:30 Metamorfosis de un CVB: El caso de Houston, we have a \u00absolution\u00bb. La virtud de ser un camale\u00f3nico<\/p>\n<p style=\"text-align: justify;\">17:30 \u2013 18:00 La Carta de Lima: Conclusiones del Encuentro<\/p>\n<p style=\"text-align: justify;\">18:00 \u2013 18:30 Temas sugeridos para el siguiente Encuentro<\/p>\n<p style=\"text-align: justify;\">18:30 \u2013 19:00 Elecci\u00f3n de pr\u00f3xima sede 2016<\/p>\n<p style=\"text-align: justify;\">20:00 \u2013 23:00 Traslado del hotel sede al Coctel de Clausura \u2013 Sal\u00f3n de los Espejos \u2013 Municipalidad de Lima<\/p>\n<p style=\"text-align: justify;\"><strong>Para mayor informaci\u00f3n, favor de ingresar al siguiente sitio web: <a href=\"http:\/\/www.alacvb-lima.com\/\" target=\"_blank\">www.alacvb-lima.com<\/a><\/strong><\/p>\n<p style=\"text-align: justify;\">Foto de Portada \/ hermosa vista de la bah\u00eda de Lima\/ Promperu<\/p>\n<p><strong>\u00a0<\/strong><\/p>\n<p><strong>\u00a0<\/strong><\/p>\n","protected":false},"excerpt":{"rendered":"<p>Doce representantes de Bur\u00f3s de la regi\u00f3n confirmaron su asistencia al 8\u00b0 Encuentro de Bur\u00f3s de Convenciones de Latinoam\u00e9rica y el Caribe a desarrollarse en Lima del 30 al 31 de mayo y que es organizada por el Bur\u00f3 de Convenciones y Visitantes de Lima y la Asociaci\u00f3n de Convention &amp; Visitors Bureaus de Latinoam\u00e9rica y el Caribe, con el apoyo de PromPer\u00fa, Fiexpo LATAM, RLA SAV y Westin. Los Bur\u00f3s y Oficina de Convenciones que confirmaron su asistencia provienen de las siguientes ciudades: Punta del Este (Uruguay), Monterrey (M\u00e9xico), Guadalajara (M\u00e9xico) Cartagena de Indias (Colombia), Bucaramanga (Colombia), Culiac\u00e1n (M\u00e9xico),&#8230;<\/p>\n","protected":false},"author":1,"featured_media":0,"comment_status":"open","ping_status":"open","sticky":false,"template":"","format":"standard","meta":{"footnotes":""},"categories":[4,82],"tags":[429,321,349],"class_list":["post-12990","post","type-post","status-publish","format-standard","hentry","category-breaking-news","category-nacionales","tag-buro-de-convenciones-y-visitantes-de-lima","tag-lima","tag-promperu"],"_links":{"self":[{"href":"https:\/\/www.turistamagazine.com\/v2\/index.php?rest_route=\/wp\/v2\/posts\/12990","targetHints":{"allow":["GET"]}}],"collection":[{"href":"https:\/\/www.turistamagazine.com\/v2\/index.php?rest_route=\/wp\/v2\/posts"}],"about":[{"href":"https:\/\/www.turistamagazine.com\/v2\/index.php?rest_route=\/wp\/v2\/types\/post"}],"author":[{"embeddable":true,"href":"https:\/\/www.turistamagazine.com\/v2\/index.php?rest_route=\/wp\/v2\/users\/1"}],"replies":[{"embeddable":true,"href":"https:\/\/www.turistamagazine.com\/v2\/index.php?rest_route=%2Fwp%2Fv2%2Fcomments&post=12990"}],"version-history":[{"count":6,"href":"https:\/\/www.turistamagazine.com\/v2\/index.php?rest_route=\/wp\/v2\/posts\/12990\/revisions"}],"predecessor-version":[{"id":12998,"href":"https:\/\/www.turistamagazine.com\/v2\/index.php?rest_route=\/wp\/v2\/posts\/12990\/revisions\/12998"}],"wp:attachment":[{"href":"https:\/\/www.turistamagazine.com\/v2\/index.php?rest_route=%2Fwp%2Fv2%2Fmedia&parent=12990"}],"wp:term":[{"taxonomy":"category","embeddable":true,"href":"https:\/\/www.turistamagazine.com\/v2\/index.php?rest_route=%2Fwp%2Fv2%2Fcategories&post=12990"},{"taxonomy":"post_tag","embeddable":true,"href":"https:\/\/www.turistamagazine.com\/v2\/index.php?rest_route=%2Fwp%2Fv2%2Ftags&post=12990"}],"curies":[{"name":"wp","href":"https:\/\/api.w.org\/{rel}","templated":true}]}}