{"id":12866,"date":"2015-05-15T08:53:17","date_gmt":"2015-05-15T13:53:17","guid":{"rendered":"http:\/\/www.turistamagazine.com\/v2\/?p=12866"},"modified":"2015-05-15T08:53:17","modified_gmt":"2015-05-15T13:53:17","slug":"mas-de-medio-centenar-de-entierros-prehispanicos-encuentran-en-huaca-mateo-salado","status":"publish","type":"post","link":"https:\/\/www.turistamagazine.com\/v2\/?p=12866","title":{"rendered":"M\u00c1S DE MEDIO CENTENAR DE ENTIERROS PREHISP\u00c1NICOS ENCUENTRAN EN HUACA MATEO SALADO"},"content":{"rendered":"<p style=\"text-align: justify;\">15 DE MAYO.- El sitio arqueol\u00f3gico Mateo Salado, ubicado en el v\u00e9rtice de tres distritos (Pueblo Libre, Cercado y Bre\u00f1a), sigue dando de qu\u00e9 hablar. Los trabajos que vienen realizando desde hace unos a\u00f1os los especialistas del Ministerio de Cultura han develado nuevas dimensiones sobre este recinto prehisp\u00e1nico.<\/p>\n<p style=\"text-align: justify;\">Lo m\u00e1s reciente es el hallazgo de m\u00e1s de cincuenta entierros pertenecientes a la cultura Ychsma (del periodo intermedio tard\u00edo), durante la ocupaci\u00f3n Inca y el develamiento de una escalera ceremonial decorada con un tono ocre.Los primeros fueron encontrados en la pir\u00e1mide \u201cE\u201d, mientras que la escalera, en la pir\u00e1mide \u201cA\u201d.<\/p>\n<p style=\"text-align: justify;\">\u00daltima morada<\/p>\n<p style=\"text-align: justify;\">Pedro Espinoza, director del proyecto arqueol\u00f3gico Mateo Salado, explic\u00f3 a la agencia de noticias Andina que fue habitual que los Ychsma, al ser absorbidos por el imperio del Tahuantinsuyo, utilizaran las huacas (cuyo primer uso fue de adoratorios) con fines funerarios.<\/p>\n<p style=\"text-align: justify;\">En diversos sitios prehisp\u00e1nicos del valle de Lima se ha dado esta situaci\u00f3n, seg\u00fan refiere el especialista.<\/p>\n<p style=\"text-align: justify;\">Es por eso que no sorprendi\u00f3 la cantidad de contextos mortuorios que se encontr\u00f3 al trabajar la puesta en valor de la pir\u00e1mide \u201cE\u201d.<\/p>\n<p style=\"text-align: justify;\">Las excavaciones arqueol\u00f3gicas realizadas por el Ministerio de Cultura hallaron evidencia de hasta 53 entierros.<\/p>\n<p style=\"text-align: justify;\">Estos fueron colocados en hoyos de planta circular, estando los cuerpos en posici\u00f3n flexionada sentada \u2013en el caso de los adultos\u2013 o extendida \u2013los infantes\u2013 y enfardelados.<\/p>\n<p style=\"text-align: justify;\">H\u00e1bitos mortuorios<\/p>\n<p style=\"text-align: justify;\">Lo habitual en este periodo era que los fardos fueran mantenidos erguidos mediante una armaz\u00f3n de ca\u00f1as verticales colocadas a ambos lados.<\/p>\n<p style=\"text-align: justify;\">Sobre los envoltorios m\u00e1s elaborados se a\u00f1ad\u00eda una falsa cabeza hecha de una bolsa de tejido. Se les colocaban a estos ojos y boca simulados con semillas, fragmentos de conchas de moluscos o placas de metal.<\/p>\n<p style=\"text-align: justify;\">De acuerdo con Espinoza, al parecer la mayor\u00eda de estos entierros correspond\u00eda a personajes de la parte baja de la estructura social de los Ychsma.<\/p>\n<p style=\"text-align: justify;\">Solo hay un caso distinto, en el que el fardo, por sus accesorios, parece corresponder a alguien que ocup\u00f3 un puesto intermedio.<\/p>\n<p style=\"text-align: justify;\">Incluso se hall\u00f3 un fardo cercano que parecer\u00eda que era compa\u00f1\u00eda de este y sobre el cual Espinoza es cauto en adelantar hip\u00f3tesis.<\/p>\n<p style=\"text-align: justify;\">Los objetos que acompa\u00f1aban los restos mortales desenterrados eran principalmente vasijas e implementos para la agricultura y la confecci\u00f3n de textiles y se dispon\u00edan en semic\u00edrculo frente a los fardos.<\/p>\n<p style=\"text-align: justify;\">Destaca el hallazgo de piruros de arcilla muy finamente decorados, as\u00ed como de varias vasijas tambi\u00e9n con pintura y formas escult\u00f3ricas.<\/p>\n<p style=\"text-align: justify;\">Aunque tienen la certeza de que casi la totalidad de los contextos funerarios Ychsma hallados corresponden a la \u00e9poca prehisp\u00e1nica, existe la sospecha de que, en un caso en particular, se trate de un entierro de los primeros a\u00f1os de la Colonia.<\/p>\n<p style=\"text-align: justify;\">Esto debido a que el cad\u00e1ver est\u00e1 dispuesto de forma extendida y su ajuar es muy pobre, caracter\u00edstico de aquellos tiempos.<\/p>\n<p style=\"text-align: justify;\">Escalera amarilla<\/p>\n<p style=\"text-align: justify;\">Sobre el otro hallazgo, Espinoza explica que las pir\u00e1mides Ychsma no se hicieron en un solo momento, sino que son producto de superposiciones y redise\u00f1os constantes.<\/p>\n<p style=\"text-align: justify;\">Es decir, en un periodo se usaba una pir\u00e1mide, sobre la cual, en un periodo posterior, se volv\u00eda a construir una m\u00e1s.<\/p>\n<p style=\"text-align: justify;\">Un ejemplo de estas sucesiones de construcciones es la escalinata de la pir\u00e1mide \u201cA\u201d: se ubica en la cima y se encontraba cubierta por material de una \u00e9poca m\u00e1s tard\u00eda. De acuerdo a los especialistas, el color amarillo u ocre simbolizaba lo sagrado de ese espacio.(\u2026)<\/p>\n<p style=\"text-align: justify;\">53 entierros fueron hallados en \u00faltimos trabajos arqueol\u00f3gicos en Mateo Salado.<\/p>\n","protected":false},"excerpt":{"rendered":"<p>15 DE MAYO.- El sitio arqueol\u00f3gico Mateo Salado, ubicado en el v\u00e9rtice de tres distritos (Pueblo Libre, Cercado y Bre\u00f1a), sigue dando de qu\u00e9 hablar. Los trabajos que vienen realizando desde hace unos a\u00f1os los especialistas del Ministerio de Cultura han develado nuevas dimensiones sobre este recinto prehisp\u00e1nico. Lo m\u00e1s reciente es el hallazgo de m\u00e1s de cincuenta entierros pertenecientes a la cultura Ychsma (del periodo intermedio tard\u00edo), durante la ocupaci\u00f3n Inca y el develamiento de una escalera ceremonial decorada con un tono ocre.Los primeros fueron encontrados en la pir\u00e1mide \u201cE\u201d, mientras que la escalera, en la pir\u00e1mide \u201cA\u201d. \u00daltima&#8230;<\/p>\n","protected":false},"author":1,"featured_media":0,"comment_status":"open","ping_status":"open","sticky":false,"template":"","format":"standard","meta":{"footnotes":""},"categories":[4,82],"tags":[4345,381],"class_list":["post-12866","post","type-post","status-publish","format-standard","hentry","category-breaking-news","category-nacionales","tag-mateo-salado","tag-ministerio-de-cultura"],"_links":{"self":[{"href":"https:\/\/www.turistamagazine.com\/v2\/index.php?rest_route=\/wp\/v2\/posts\/12866","targetHints":{"allow":["GET"]}}],"collection":[{"href":"https:\/\/www.turistamagazine.com\/v2\/index.php?rest_route=\/wp\/v2\/posts"}],"about":[{"href":"https:\/\/www.turistamagazine.com\/v2\/index.php?rest_route=\/wp\/v2\/types\/post"}],"author":[{"embeddable":true,"href":"https:\/\/www.turistamagazine.com\/v2\/index.php?rest_route=\/wp\/v2\/users\/1"}],"replies":[{"embeddable":true,"href":"https:\/\/www.turistamagazine.com\/v2\/index.php?rest_route=%2Fwp%2Fv2%2Fcomments&post=12866"}],"version-history":[{"count":2,"href":"https:\/\/www.turistamagazine.com\/v2\/index.php?rest_route=\/wp\/v2\/posts\/12866\/revisions"}],"predecessor-version":[{"id":12869,"href":"https:\/\/www.turistamagazine.com\/v2\/index.php?rest_route=\/wp\/v2\/posts\/12866\/revisions\/12869"}],"wp:attachment":[{"href":"https:\/\/www.turistamagazine.com\/v2\/index.php?rest_route=%2Fwp%2Fv2%2Fmedia&parent=12866"}],"wp:term":[{"taxonomy":"category","embeddable":true,"href":"https:\/\/www.turistamagazine.com\/v2\/index.php?rest_route=%2Fwp%2Fv2%2Fcategories&post=12866"},{"taxonomy":"post_tag","embeddable":true,"href":"https:\/\/www.turistamagazine.com\/v2\/index.php?rest_route=%2Fwp%2Fv2%2Ftags&post=12866"}],"curies":[{"name":"wp","href":"https:\/\/api.w.org\/{rel}","templated":true}]}}