{"id":12859,"date":"2015-05-15T08:39:14","date_gmt":"2015-05-15T13:39:14","guid":{"rendered":"http:\/\/www.turistamagazine.com\/v2\/?p=12859"},"modified":"2015-05-15T08:39:14","modified_gmt":"2015-05-15T13:39:14","slug":"dos-condores-rastreados-por-satelite-son-liberados-por-primera-vez","status":"publish","type":"post","link":"https:\/\/www.turistamagazine.com\/v2\/?p=12859","title":{"rendered":"DOS C\u00d3NDORES RASTREADOS POR SAT\u00c9LITE SON LIBERADOS POR PRIMERA VEZ"},"content":{"rendered":"<p style=\"text-align: justify;\">15 de Mayo del 2015 Lima &#8211; Dos c\u00f3ndores andinos (Vultur gryphus), con dispositivos para ser rastreados por sat\u00e9lite, fueron liberados por primera vez en Per\u00fa tras recuperarse de un envenenamiento, dijo hoy a Efe la directora de Gesti\u00f3n Sostenible del Patrimonio de Fauna Silvestre del Servicio Nacional Forestal (Serfor), Jessica G\u00e1lvez.<\/p>\n<p style=\"text-align: justify;\">La especialista explic\u00f3 que las dos aves, de 35 y 40 a\u00f1os, fueron liberadas el martes cerca del municipio de San Antonio de Chaclla, ubicado en la sierra andina de la regi\u00f3n de Lima, con pendientes pronunciadas a m\u00e1s de 3.000 metros de altitud.<\/p>\n<p style=\"text-align: justify;\">Los c\u00f3ndores, bautizados como Hu\u00e1scar y Atahualpa, pesan alrededor de once kilos cada uno y fueron encontrados con signos de envenenamiento e intoxicaci\u00f3n en marzo del 2013 cerca de la localidad San Mateo de Huanchor, tambi\u00e9n en la sierra de Lima, seg\u00fan precis\u00f3 el Serfor en un comunicado.<\/p>\n<p style=\"text-align: justify;\">Mientras las aves se recuperaban del envenenamiento en un criadero de c\u00f3ndores en la zona, los especialistas les instalaron un dispositivo de localizaci\u00f3n por sat\u00e9lite, donados por la organizaci\u00f3n no gubernamental estadounidense The Peregrine Fund.<\/p>\n<p style=\"text-align: justify;\">G\u00e1lvez destac\u00f3 que el sistema de seguimiento permitir\u00e1 \u00abconocer por primera vez los lugares de descanso, alimentaci\u00f3n y anidamiento de una especie que se encuentra en peligro de extinci\u00f3n\u00bb.<\/p>\n<p style=\"text-align: justify;\">La \u00faltima informaci\u00f3n recibida desde los dispositivos de las aves indic\u00f3 que los dos c\u00f3ndores se encontraban en las zonas altas de la sierra lime\u00f1a y que su comportamiento era normal.<\/p>\n<p style=\"text-align: justify;\">La experta precis\u00f3 que Per\u00fa no contaba hasta el momento con informaci\u00f3n sobre el c\u00f3ndor en su h\u00e1bitat natural, lo que imped\u00eda conocer si los ejemplares liberados anteriormente lograban sobrevivir tras su reinserci\u00f3n en la naturaleza.<\/p>\n<p style=\"text-align: justify;\">Jessica G\u00e1lvez reiter\u00f3 el llamamiento del Serfor para que las personas de la zona sean \u00abconscientes de la importancia de la protecci\u00f3n\u00bb de los c\u00f3ndores, catalogados en Per\u00fa como en peligro de extinci\u00f3n.<\/p>\n<p style=\"text-align: justify;\">\u00abLas personas de la zona matan a los c\u00f3ndores porque suelen creer que son aves de presa y que se llevar\u00e1n a su ganado, cuando en realidad son aves carro\u00f1eras\u00bb explic\u00f3 G\u00e1lvez.<\/p>\n<p style=\"text-align: justify;\">El Serfor prev\u00e9 realizar un censo de la poblaci\u00f3n de c\u00f3ndores andinos en Per\u00fa para el a\u00f1o 2016, pero actualmente estima que existen en el pa\u00eds entre 600 y 2.500 ejemplares, amenazados por la caza furtiva, el envenenamiento y la p\u00e9rdida en la calidad de su h\u00e1bitat.<\/p>\n<p style=\"text-align: justify;\">El c\u00f3ndor puede llegar a pesar 13 kilos y se encuentra en Chile, Argentina, Per\u00fa, Bolivia, Ecuador y Colombia.<\/p>\n","protected":false},"excerpt":{"rendered":"<p>15 de Mayo del 2015 Lima &#8211; Dos c\u00f3ndores andinos (Vultur gryphus), con dispositivos para ser rastreados por sat\u00e9lite, fueron liberados por primera vez en Per\u00fa tras recuperarse de un envenenamiento, dijo hoy a Efe la directora de Gesti\u00f3n Sostenible del Patrimonio de Fauna Silvestre del Servicio Nacional Forestal (Serfor), Jessica G\u00e1lvez. La especialista explic\u00f3 que las dos aves, de 35 y 40 a\u00f1os, fueron liberadas el martes cerca del municipio de San Antonio de Chaclla, ubicado en la sierra andina de la regi\u00f3n de Lima, con pendientes pronunciadas a m\u00e1s de 3.000 metros de altitud. Los c\u00f3ndores, bautizados como&#8230;<\/p>\n","protected":false},"author":1,"featured_media":0,"comment_status":"open","ping_status":"open","sticky":false,"template":"","format":"standard","meta":{"footnotes":""},"categories":[91],"tags":[4343,4341,4342,4340,4339],"class_list":["post-12859","post","type-post","status-publish","format-standard","hentry","category-por-siempre-verde","tag-bautizados-como-huascar-y-atahualpa","tag-jessica-galvez","tag-ondores","tag-serfor","tag-the-peregrine-fund"],"_links":{"self":[{"href":"https:\/\/www.turistamagazine.com\/v2\/index.php?rest_route=\/wp\/v2\/posts\/12859","targetHints":{"allow":["GET"]}}],"collection":[{"href":"https:\/\/www.turistamagazine.com\/v2\/index.php?rest_route=\/wp\/v2\/posts"}],"about":[{"href":"https:\/\/www.turistamagazine.com\/v2\/index.php?rest_route=\/wp\/v2\/types\/post"}],"author":[{"embeddable":true,"href":"https:\/\/www.turistamagazine.com\/v2\/index.php?rest_route=\/wp\/v2\/users\/1"}],"replies":[{"embeddable":true,"href":"https:\/\/www.turistamagazine.com\/v2\/index.php?rest_route=%2Fwp%2Fv2%2Fcomments&post=12859"}],"version-history":[{"count":2,"href":"https:\/\/www.turistamagazine.com\/v2\/index.php?rest_route=\/wp\/v2\/posts\/12859\/revisions"}],"predecessor-version":[{"id":12862,"href":"https:\/\/www.turistamagazine.com\/v2\/index.php?rest_route=\/wp\/v2\/posts\/12859\/revisions\/12862"}],"wp:attachment":[{"href":"https:\/\/www.turistamagazine.com\/v2\/index.php?rest_route=%2Fwp%2Fv2%2Fmedia&parent=12859"}],"wp:term":[{"taxonomy":"category","embeddable":true,"href":"https:\/\/www.turistamagazine.com\/v2\/index.php?rest_route=%2Fwp%2Fv2%2Fcategories&post=12859"},{"taxonomy":"post_tag","embeddable":true,"href":"https:\/\/www.turistamagazine.com\/v2\/index.php?rest_route=%2Fwp%2Fv2%2Ftags&post=12859"}],"curies":[{"name":"wp","href":"https:\/\/api.w.org\/{rel}","templated":true}]}}