{"id":12701,"date":"2015-05-08T08:25:06","date_gmt":"2015-05-08T13:25:06","guid":{"rendered":"http:\/\/www.turistamagazine.com\/v2\/?p=12701"},"modified":"2015-05-08T08:25:06","modified_gmt":"2015-05-08T13:25:06","slug":"puno-conforma-la-comision-multisectorial-por-el-dia-mundial-del-ambiente","status":"publish","type":"post","link":"https:\/\/www.turistamagazine.com\/v2\/?p=12701","title":{"rendered":"PUNO CONFORMA LA COMISI\u00d3N MULTISECTORIAL POR EL D\u00cdA MUNDIAL DEL AMBIENTE"},"content":{"rendered":"<p style=\"text-align: justify;\">Puno, may. 08. La Comisi\u00f3n Ambiental Regional (CAR) y la Gerencia Regional de Recursos Naturales y Gesti\u00f3n del Medio Ambiente del Gobierno Regional Puno (GRP), conform\u00f3 la Comisi\u00f3n Multisectorial por el D\u00eda Mundial del Ambiente, la que tendr\u00e1 como tarea concientizar a la poblaci\u00f3n sobre la importancia de cuidar los recursos naturales.<\/p>\n<p style=\"text-align: justify;\">\u00a0El GRP indic\u00f3 que dicha comisi\u00f3n est\u00e1 constituido por la Gerencia Regional de Recursos Naturales, Direcci\u00f3n Regional Agraria, Direcci\u00f3n Regional de Salud, Direcci\u00f3n Regional de Educaci\u00f3n, Autoridad Aut\u00f3noma del Lago Titicaca (ALT), PELT, AAA XIV Titicaca, Reserva Nacional Baguaja Sonene, CAR Puno, Gobernaci\u00f3n Provincial y la Municipalidad de Puno.<\/p>\n<p style=\"text-align: justify;\">\u00a0Esta comisi\u00f3n multisectorial ha programado el ciclo de Cine Ambiental, exposici\u00f3n fotogr\u00e1fica y el Foro por el D\u00eda Mundial del Ambiente, que se celebra cada cinco de junio.<\/p>\n<p style=\"text-align: justify;\">\u00a0Para la celebraci\u00f3n del D\u00eda Mundial del Medio Ambiente (5 de junio), en la cual se desarrollar\u00e1n encuentros integrados en la semana \u201cAmbiente en Acci\u00f3n en Puno, se contar\u00e1 con la participaci\u00f3n de las instituciones que integran la CAR Puno, el Gobierno Regional y el Viceministro del Ambiente.<\/p>\n<p style=\"text-align: justify;\">\u00a0Asimismo en su reuni\u00f3n extraordinaria la CAR Puno aprob\u00f3 el Calendario Regional Ambiental 2015, el mismo que comprende los meses de mayo a diciembre, con 39 fechas importantes.<\/p>\n<p style=\"text-align: justify;\">\u00a0Entre ellas, se celebrar\u00e1 el D\u00eda internacional de las aves, d\u00eda mundial de las aves migratorias, d\u00eda nacional de la papa, d\u00eda mundial de los oc\u00e9anos, d\u00eda internacional de los bosques tropicales, d\u00eda mundial de la poblaci\u00f3n, d\u00eda de la calidad del aire, d\u00eda del \u00e1rbol, d\u00eda mundial del turismo, d\u00eda de la gesti\u00f3n responsable del agua, d\u00eda del guardaparque peruano, etc.<\/p>\n<p>Foto: ANDINA\/Difusi\u00f3n.<\/p>\n<p>&nbsp;<\/p>\n","protected":false},"excerpt":{"rendered":"<p>Puno, may. 08. La Comisi\u00f3n Ambiental Regional (CAR) y la Gerencia Regional de Recursos Naturales y Gesti\u00f3n del Medio Ambiente del Gobierno Regional Puno (GRP), conform\u00f3 la Comisi\u00f3n Multisectorial por el D\u00eda Mundial del Ambiente, la que tendr\u00e1 como tarea concientizar a la poblaci\u00f3n sobre la importancia de cuidar los recursos naturales. \u00a0El GRP indic\u00f3 que dicha comisi\u00f3n est\u00e1 constituido por la Gerencia Regional de Recursos Naturales, Direcci\u00f3n Regional Agraria, Direcci\u00f3n Regional de Salud, Direcci\u00f3n Regional de Educaci\u00f3n, Autoridad Aut\u00f3noma del Lago Titicaca (ALT), PELT, AAA XIV Titicaca, Reserva Nacional Baguaja Sonene, CAR Puno, Gobernaci\u00f3n Provincial y la Municipalidad de&#8230;<\/p>\n","protected":false},"author":1,"featured_media":0,"comment_status":"open","ping_status":"open","sticky":false,"template":"","format":"standard","meta":{"footnotes":""},"categories":[4,82],"tags":[4303,340,215,330],"class_list":["post-12701","post","type-post","status-publish","format-standard","hentry","category-breaking-news","category-nacionales","tag-dia-mundial-del-ambiente","tag-peru","tag-puno","tag-turismo-en-el-peru"],"_links":{"self":[{"href":"https:\/\/www.turistamagazine.com\/v2\/index.php?rest_route=\/wp\/v2\/posts\/12701","targetHints":{"allow":["GET"]}}],"collection":[{"href":"https:\/\/www.turistamagazine.com\/v2\/index.php?rest_route=\/wp\/v2\/posts"}],"about":[{"href":"https:\/\/www.turistamagazine.com\/v2\/index.php?rest_route=\/wp\/v2\/types\/post"}],"author":[{"embeddable":true,"href":"https:\/\/www.turistamagazine.com\/v2\/index.php?rest_route=\/wp\/v2\/users\/1"}],"replies":[{"embeddable":true,"href":"https:\/\/www.turistamagazine.com\/v2\/index.php?rest_route=%2Fwp%2Fv2%2Fcomments&post=12701"}],"version-history":[{"count":2,"href":"https:\/\/www.turistamagazine.com\/v2\/index.php?rest_route=\/wp\/v2\/posts\/12701\/revisions"}],"predecessor-version":[{"id":12703,"href":"https:\/\/www.turistamagazine.com\/v2\/index.php?rest_route=\/wp\/v2\/posts\/12701\/revisions\/12703"}],"wp:attachment":[{"href":"https:\/\/www.turistamagazine.com\/v2\/index.php?rest_route=%2Fwp%2Fv2%2Fmedia&parent=12701"}],"wp:term":[{"taxonomy":"category","embeddable":true,"href":"https:\/\/www.turistamagazine.com\/v2\/index.php?rest_route=%2Fwp%2Fv2%2Fcategories&post=12701"},{"taxonomy":"post_tag","embeddable":true,"href":"https:\/\/www.turistamagazine.com\/v2\/index.php?rest_route=%2Fwp%2Fv2%2Ftags&post=12701"}],"curies":[{"name":"wp","href":"https:\/\/api.w.org\/{rel}","templated":true}]}}