{"id":1257,"date":"2014-02-03T07:01:10","date_gmt":"2014-02-03T12:01:10","guid":{"rendered":"http:\/\/www.turistamagazine.com\/v2\/?p=1257"},"modified":"2014-02-03T07:01:10","modified_gmt":"2014-02-03T12:01:10","slug":"ciudad-del-vaticano-el-papa-anima-a-defender-y-promover-la-vida","status":"publish","type":"post","link":"https:\/\/www.turistamagazine.com\/v2\/?p=1257","title":{"rendered":"CIUDAD DEL VATICANO: EL PAPA ANIMA A DEFENDER Y PROMOVER LA VIDA"},"content":{"rendered":"<p style=\"text-align: justify;\">\u00a0El papa Francisco dirigi\u00f3 ayer tras el rezo del \u00c1ngelus en la plaza de San Pedro un saludo y dio \u00e1nimos a las asociaciones en \u201cdefensa y promoci\u00f3n de la vida\u201d.<\/p>\n<p style=\"text-align: justify;\">\u00a0En su mensaje, record\u00f3 que hoy la Iglesia cat\u00f3lica celebra en Italia la Jornada de la vida, bajo el tema \u201cGenerar futuro\u201d.<\/p>\n<p style=\"text-align: justify;\">\u00a0\u201cSaludo y doy \u00e1nimos a las asociaciones, movimientos y centros culturales comprometidos en la defensa y promoci\u00f3n de la vida\u201d, dijo el Papa, quien a\u00f1adi\u00f3 que \u201ccada hijo es rostro del Se\u00f1or amante de la vida y don para la familia y la sociedad\u201d.<\/p>\n<p style=\"text-align: justify;\">\u00a0Francisco inst\u00f3 a que \u201ctodos, en su propio \u00e1mbito, se sientan llamados a amar, servir a la vida, acogerla, respetarla y promoverla, especialmente cuando es fr\u00e1gil y necesita atenci\u00f3n y cuidados, desde el vientre materno a su final en esta tierra\u201d.<\/p>\n<p style=\"text-align: justify;\">\u00a0El Papa ya hab\u00eda enviado un mensaje de apoyo a la \u201cmarcha por la vida\u201d que se celebr\u00f3 en Washington y en Par\u00eds y en uno de los mensajes en su cuenta de la red social Twitter hab\u00eda deseado: \u201cQue Dios nos ayude a respetar toda la vida, especialmente los m\u00e1s vulnerables\u201d F\/(EFE).<\/p>\n","protected":false},"excerpt":{"rendered":"<p>\u00a0El papa Francisco dirigi\u00f3 ayer tras el rezo del \u00c1ngelus en la plaza de San Pedro un saludo y dio \u00e1nimos a las asociaciones en \u201cdefensa y promoci\u00f3n de la vida\u201d. \u00a0En su mensaje, record\u00f3 que hoy la Iglesia cat\u00f3lica celebra en Italia la Jornada de la vida, bajo el tema \u201cGenerar futuro\u201d. \u00a0\u201cSaludo y doy \u00e1nimos a las asociaciones, movimientos y centros culturales comprometidos en la defensa y promoci\u00f3n de la vida\u201d, dijo el Papa, quien a\u00f1adi\u00f3 que \u201ccada hijo es rostro del Se\u00f1or amante de la vida y don para la familia y la sociedad\u201d. \u00a0Francisco inst\u00f3 a&#8230;<\/p>\n","protected":false},"author":1,"featured_media":0,"comment_status":"open","ping_status":"open","sticky":false,"template":"","format":"standard","meta":{"footnotes":""},"categories":[4,84],"tags":[171,380],"class_list":["post-1257","post","type-post","status-publish","format-standard","hentry","category-breaking-news","category-internacionales","tag-papa-francisco","tag-plaza-de-san-pedro"],"_links":{"self":[{"href":"https:\/\/www.turistamagazine.com\/v2\/index.php?rest_route=\/wp\/v2\/posts\/1257","targetHints":{"allow":["GET"]}}],"collection":[{"href":"https:\/\/www.turistamagazine.com\/v2\/index.php?rest_route=\/wp\/v2\/posts"}],"about":[{"href":"https:\/\/www.turistamagazine.com\/v2\/index.php?rest_route=\/wp\/v2\/types\/post"}],"author":[{"embeddable":true,"href":"https:\/\/www.turistamagazine.com\/v2\/index.php?rest_route=\/wp\/v2\/users\/1"}],"replies":[{"embeddable":true,"href":"https:\/\/www.turistamagazine.com\/v2\/index.php?rest_route=%2Fwp%2Fv2%2Fcomments&post=1257"}],"version-history":[{"count":2,"href":"https:\/\/www.turistamagazine.com\/v2\/index.php?rest_route=\/wp\/v2\/posts\/1257\/revisions"}],"predecessor-version":[{"id":1259,"href":"https:\/\/www.turistamagazine.com\/v2\/index.php?rest_route=\/wp\/v2\/posts\/1257\/revisions\/1259"}],"wp:attachment":[{"href":"https:\/\/www.turistamagazine.com\/v2\/index.php?rest_route=%2Fwp%2Fv2%2Fmedia&parent=1257"}],"wp:term":[{"taxonomy":"category","embeddable":true,"href":"https:\/\/www.turistamagazine.com\/v2\/index.php?rest_route=%2Fwp%2Fv2%2Fcategories&post=1257"},{"taxonomy":"post_tag","embeddable":true,"href":"https:\/\/www.turistamagazine.com\/v2\/index.php?rest_route=%2Fwp%2Fv2%2Ftags&post=1257"}],"curies":[{"name":"wp","href":"https:\/\/api.w.org\/{rel}","templated":true}]}}