{"id":1240,"date":"2014-02-03T06:36:45","date_gmt":"2014-02-03T11:36:45","guid":{"rendered":"http:\/\/www.turistamagazine.com\/v2\/?p=1240"},"modified":"2014-02-03T06:36:45","modified_gmt":"2014-02-03T11:36:45","slug":"peru-helicopteros-de-la-policia-sobrevuelan-lima-por-carnavales","status":"publish","type":"post","link":"https:\/\/www.turistamagazine.com\/v2\/?p=1240","title":{"rendered":"PERU: HELIC\u00d3PTEROS DE LA POLIC\u00cdA SOBREVUELAN LIMA POR CARNAVALES"},"content":{"rendered":"<p>&nbsp;<\/p>\n<p>La Polic\u00eda Nacional del Per\u00fa (PNP) puso en marcha el \u00abPlan Carnavales Sin Violencia 2014\u00bb en el que participa un contingente de 10 mil efectivos, a fin de brindar seguridad a la poblaci\u00f3n durante la celebraci\u00f3n popular de los carnavales, que se extiende durante todo el mes de febrero.<\/p>\n<p>En el marco de esta iniciativa dos de los recientemente adquiridos helic\u00f3pteros modelo S145, sobrevolaron Lima y Callao. Seg\u00fan detall\u00f3 , el general Salvador Iglesias, jefe de la Regi\u00f3n Policial Lima, dos de estas naves supervisar\u00e1n los \u00abpuntos cr\u00edticos\u00bb, es decir, las zonas de mayor riesgo a desmanes o agresiones a los transe\u00fantes. Indic\u00f3 que para esta tarea tambi\u00e9n se utilizan, patrulleros, ambulancias, motocicletas y personal a pie. La autoridad policial refiri\u00f3 que en caso de lesiones graves, el C\u00f3digo Penal prev\u00e9 sanciones de 3 a 8 a\u00f1os de pena privativa de la libertad.<\/p>\n<p>Asimismo, indic\u00f3 que las municipalidades distritales tambi\u00e9n han dispuesto sanciones pecuniarias desde los 350 hasta m\u00e1s de 3.500 soles. F \/RPP<\/p>\n","protected":false},"excerpt":{"rendered":"<p>&nbsp; La Polic\u00eda Nacional del Per\u00fa (PNP) puso en marcha el \u00abPlan Carnavales Sin Violencia 2014\u00bb en el que participa un contingente de 10 mil efectivos, a fin de brindar seguridad a la poblaci\u00f3n durante la celebraci\u00f3n popular de los carnavales, que se extiende durante todo el mes de febrero. En el marco de esta iniciativa dos de los recientemente adquiridos helic\u00f3pteros modelo S145, sobrevolaron Lima y Callao. Seg\u00fan detall\u00f3 , el general Salvador Iglesias, jefe de la Regi\u00f3n Policial Lima, dos de estas naves supervisar\u00e1n los \u00abpuntos cr\u00edticos\u00bb, es decir, las zonas de mayor riesgo a desmanes o agresiones&#8230;<\/p>\n","protected":false},"author":1,"featured_media":0,"comment_status":"open","ping_status":"open","sticky":false,"template":"","format":"standard","meta":{"footnotes":""},"categories":[4,82],"tags":[376,187],"class_list":["post-1240","post","type-post","status-publish","format-standard","hentry","category-breaking-news","category-nacionales","tag-carnavales-en-lima","tag-policia-nacional"],"_links":{"self":[{"href":"https:\/\/www.turistamagazine.com\/v2\/index.php?rest_route=\/wp\/v2\/posts\/1240","targetHints":{"allow":["GET"]}}],"collection":[{"href":"https:\/\/www.turistamagazine.com\/v2\/index.php?rest_route=\/wp\/v2\/posts"}],"about":[{"href":"https:\/\/www.turistamagazine.com\/v2\/index.php?rest_route=\/wp\/v2\/types\/post"}],"author":[{"embeddable":true,"href":"https:\/\/www.turistamagazine.com\/v2\/index.php?rest_route=\/wp\/v2\/users\/1"}],"replies":[{"embeddable":true,"href":"https:\/\/www.turistamagazine.com\/v2\/index.php?rest_route=%2Fwp%2Fv2%2Fcomments&post=1240"}],"version-history":[{"count":2,"href":"https:\/\/www.turistamagazine.com\/v2\/index.php?rest_route=\/wp\/v2\/posts\/1240\/revisions"}],"predecessor-version":[{"id":1249,"href":"https:\/\/www.turistamagazine.com\/v2\/index.php?rest_route=\/wp\/v2\/posts\/1240\/revisions\/1249"}],"wp:attachment":[{"href":"https:\/\/www.turistamagazine.com\/v2\/index.php?rest_route=%2Fwp%2Fv2%2Fmedia&parent=1240"}],"wp:term":[{"taxonomy":"category","embeddable":true,"href":"https:\/\/www.turistamagazine.com\/v2\/index.php?rest_route=%2Fwp%2Fv2%2Fcategories&post=1240"},{"taxonomy":"post_tag","embeddable":true,"href":"https:\/\/www.turistamagazine.com\/v2\/index.php?rest_route=%2Fwp%2Fv2%2Ftags&post=1240"}],"curies":[{"name":"wp","href":"https:\/\/api.w.org\/{rel}","templated":true}]}}