{"id":12354,"date":"2015-04-24T09:43:22","date_gmt":"2015-04-24T14:43:22","guid":{"rendered":"http:\/\/www.turistamagazine.com\/v2\/?p=12354"},"modified":"2015-04-24T09:43:22","modified_gmt":"2015-04-24T14:43:22","slug":"liliana-diaz-reasume-presidencia-del-cipetur-de-uruguay","status":"publish","type":"post","link":"https:\/\/www.turistamagazine.com\/v2\/?p=12354","title":{"rendered":"LILIANA D\u00cdAZ REASUME PRESIDENCIA DEL CIPETUR DE URUGUAY"},"content":{"rendered":"<p style=\"text-align: justify;\">Liliana D\u00edaz reasume su cargo de Presidente del C\u00edrculo de Periodistas de Turismo del Uruguay &#8211; CIPETUR &#8211; el s\u00e1bado 25 de abril.<\/p>\n<p style=\"text-align: justify;\">\u00a0La Comisi\u00f3n Directiva, reunida en forma extraordinaria el 22 de abril de 2015, agradeci\u00f3 la actuaci\u00f3n del Vicepresidente Fernando Goldsman, quien ejerci\u00f3 la presidencia interina por licencia de la Presidente, del 12 de marzo al 24 de abril de 2015.<\/p>\n<p style=\"text-align: justify;\">\u00a0Asimismo, se reconoci\u00f3 la labor de la primera suplente de Comisi\u00f3n Directiva, Adriana Exp\u00f3sito, quien ingres\u00f3 como Vocal, mientras dur\u00f3 la licencia de la Presidente.<\/p>\n<p style=\"text-align: justify;\"><span style=\"color: #000080;\"><em><strong>Desde Lima Per\u00fa, le enviamos un saludo fraternal a Liliana D\u00edaz y nos alegramos de su total recuperaci\u00f3n y el que asuma nuevamente las funciones en el CIPETUR .<\/strong><\/em><\/span><\/p>\n<p><span style=\"color: #000080;\"><em><strong>\u00a0<\/strong><\/em><\/span><\/p>\n<p>Env\u00edo Mar\u00eda Shaw<\/p>\n<p><strong><span style=\"text-decoration: underline;\">\u00a0<\/span><\/strong><\/p>\n","protected":false},"excerpt":{"rendered":"<p>Liliana D\u00edaz reasume su cargo de Presidente del C\u00edrculo de Periodistas de Turismo del Uruguay &#8211; CIPETUR &#8211; el s\u00e1bado 25 de abril. \u00a0La Comisi\u00f3n Directiva, reunida en forma extraordinaria el 22 de abril de 2015, agradeci\u00f3 la actuaci\u00f3n del Vicepresidente Fernando Goldsman, quien ejerci\u00f3 la presidencia interina por licencia de la Presidente, del 12 de marzo al 24 de abril de 2015. \u00a0Asimismo, se reconoci\u00f3 la labor de la primera suplente de Comisi\u00f3n Directiva, Adriana Exp\u00f3sito, quien ingres\u00f3 como Vocal, mientras dur\u00f3 la licencia de la Presidente. Desde Lima Per\u00fa, le enviamos un saludo fraternal a Liliana D\u00edaz y&#8230;<\/p>\n","protected":false},"author":1,"featured_media":0,"comment_status":"open","ping_status":"open","sticky":false,"template":"","format":"standard","meta":{"footnotes":""},"categories":[4,84],"tags":[101,92],"class_list":["post-12354","post","type-post","status-publish","format-standard","hentry","category-breaking-news","category-internacionales","tag-cipetur","tag-uruguay"],"_links":{"self":[{"href":"https:\/\/www.turistamagazine.com\/v2\/index.php?rest_route=\/wp\/v2\/posts\/12354","targetHints":{"allow":["GET"]}}],"collection":[{"href":"https:\/\/www.turistamagazine.com\/v2\/index.php?rest_route=\/wp\/v2\/posts"}],"about":[{"href":"https:\/\/www.turistamagazine.com\/v2\/index.php?rest_route=\/wp\/v2\/types\/post"}],"author":[{"embeddable":true,"href":"https:\/\/www.turistamagazine.com\/v2\/index.php?rest_route=\/wp\/v2\/users\/1"}],"replies":[{"embeddable":true,"href":"https:\/\/www.turistamagazine.com\/v2\/index.php?rest_route=%2Fwp%2Fv2%2Fcomments&post=12354"}],"version-history":[{"count":3,"href":"https:\/\/www.turistamagazine.com\/v2\/index.php?rest_route=\/wp\/v2\/posts\/12354\/revisions"}],"predecessor-version":[{"id":12358,"href":"https:\/\/www.turistamagazine.com\/v2\/index.php?rest_route=\/wp\/v2\/posts\/12354\/revisions\/12358"}],"wp:attachment":[{"href":"https:\/\/www.turistamagazine.com\/v2\/index.php?rest_route=%2Fwp%2Fv2%2Fmedia&parent=12354"}],"wp:term":[{"taxonomy":"category","embeddable":true,"href":"https:\/\/www.turistamagazine.com\/v2\/index.php?rest_route=%2Fwp%2Fv2%2Fcategories&post=12354"},{"taxonomy":"post_tag","embeddable":true,"href":"https:\/\/www.turistamagazine.com\/v2\/index.php?rest_route=%2Fwp%2Fv2%2Ftags&post=12354"}],"curies":[{"name":"wp","href":"https:\/\/api.w.org\/{rel}","templated":true}]}}