{"id":12259,"date":"2015-04-22T17:05:15","date_gmt":"2015-04-22T22:05:15","guid":{"rendered":"http:\/\/www.turistamagazine.com\/v2\/?p=12259"},"modified":"2015-04-22T20:58:53","modified_gmt":"2015-04-23T01:58:53","slug":"primer-curso-de-capacitacion-en-investigacion-busqueda-y-analisis-de-informacion-y-redaccion-cientifica","status":"publish","type":"post","link":"https:\/\/www.turistamagazine.com\/v2\/?p=12259","title":{"rendered":"PRIMER CURSO DE CAPACITACI\u00d3N EN INVESTIGACI\u00d3N, B\u00daSQUEDA Y AN\u00c1LISIS DE INFORMACI\u00d3N, Y REDACCI\u00d3N CIENT\u00cdFICA."},"content":{"rendered":"<p>23 de abril 2015.- .-\u00a0De manera satisfactoria se dio por concluido \u00a0 el primer m\u00f3dulo del \u00a0 curso de <span style=\"color: #000080;\"><strong><em>Capacitaci\u00f3n en Investigaci\u00f3n, B\u00fasqueda \u00a0de informaci\u00f3n y Redacci\u00f3n Cient\u00edfica y An\u00e1lisis de Informaci\u00f3n,<\/em><\/strong><\/span> organizado por el Instituto de Investigaci\u00f3n de Turismo y Hoteler\u00eda, de la Universidad de San Mart\u00edn de Porres, \u00a0cuya Directora es \u00a0la Dra. Milagros Alegr\u00eda \u00a0la Rosa, dirigido a investigadores y docentes de la Escuela Profesional de turismo y Hoteler\u00eda ( EPTH).<\/p>\n<p>El curso consta de cuatro m\u00f3dulos al cual asisten cerca de 30 profesionales, los que \u00a0se dictan todos los s\u00e1bados full day \u00a0y que tendr\u00e1n una duraci\u00f3n\u00a0 de 6 meses, \u00a0con la finalidad \u00a0de dotar de todas las herramientas en cuanto a metodolog\u00eda de la investigaci\u00f3n se refiere \u00a0para que puedan ser \u00a0aplicados por los docentes e investigadores en todos los trabajos que se realicen en la Universidad<\/p>\n<p><strong style=\"text-align: justify;\"><em><span style=\"color: #000080;\">El primer m\u00f3dulo estuvo a cargo del Dr. Manuel Fern\u00e1ndez Arata que se bas\u00f3 en la Metodolog\u00eda de la Investigaci\u00f3n en Turismo y Hoteler\u00eda. Investigaci\u00f3n cuantitativa. Enfoque te\u00f3rico, m\u00e9todo y t\u00e9cnicas.<\/span><\/em><\/strong><\/p>\n<p>De acuerdo al presidente de la comisi\u00f3n de Educaci\u00f3n del Congreso Daniel Mora, manifest\u00f3 en cierta oportunidad que si lamentablemente el pa\u00eds estaba en \u00a0tan mala ubicaci\u00f3n en educaci\u00f3n en el mundo, era porque se invert\u00eda muy poco en investigaci\u00f3n.<\/p>\n<p>El Dr. Johan Leuridan Decano \u00a0de La facultad de CC.CC. Psicolog\u00eda, Turismo y Hoteler\u00eda de \u00a0La Universidad de San Mart\u00edn de Porres,\u00a0 consciente de \u00a0este vac\u00edo ha \u00a0brindado todas las facilidades al proyecto presentado por \u00a0la Directora del Instituto de Investigaci\u00f3n \u00a0la Dra. Alegr\u00eda \u00a0la Rosa para que se lleve a cabo con \u00e9xito esta nueva fuente de \u00a0capacitaci\u00f3n.<\/p>\n<p style=\"text-align: justify;\">F\/ Turistamagazine.<\/p>\n","protected":false},"excerpt":{"rendered":"<p>23 de abril 2015.- .-\u00a0De manera satisfactoria se dio por concluido \u00a0 el primer m\u00f3dulo del \u00a0 curso de Capacitaci\u00f3n en Investigaci\u00f3n, B\u00fasqueda \u00a0de informaci\u00f3n y Redacci\u00f3n Cient\u00edfica y An\u00e1lisis de Informaci\u00f3n, organizado por el Instituto de Investigaci\u00f3n de Turismo y Hoteler\u00eda, de la Universidad de San Mart\u00edn de Porres, \u00a0cuya Directora es \u00a0la Dra. Milagros Alegr\u00eda \u00a0la Rosa, dirigido a investigadores y docentes de la Escuela Profesional de turismo y Hoteler\u00eda ( EPTH). El curso consta de cuatro m\u00f3dulos al cual asisten cerca de 30 profesionales, los que \u00a0se dictan todos los s\u00e1bados full day \u00a0y que tendr\u00e1n una&#8230;<\/p>\n","protected":false},"author":1,"featured_media":0,"comment_status":"open","ping_status":"open","sticky":false,"template":"","format":"standard","meta":{"footnotes":""},"categories":[4,82],"tags":[4203,4201,4202,248],"class_list":["post-12259","post","type-post","status-publish","format-standard","hentry","category-breaking-news","category-nacionales","tag-dr-johan-leuridan","tag-dra-milagros-alegria-la-rosa","tag-epth","tag-universidad-de-san-martin-de-porres"],"_links":{"self":[{"href":"https:\/\/www.turistamagazine.com\/v2\/index.php?rest_route=\/wp\/v2\/posts\/12259","targetHints":{"allow":["GET"]}}],"collection":[{"href":"https:\/\/www.turistamagazine.com\/v2\/index.php?rest_route=\/wp\/v2\/posts"}],"about":[{"href":"https:\/\/www.turistamagazine.com\/v2\/index.php?rest_route=\/wp\/v2\/types\/post"}],"author":[{"embeddable":true,"href":"https:\/\/www.turistamagazine.com\/v2\/index.php?rest_route=\/wp\/v2\/users\/1"}],"replies":[{"embeddable":true,"href":"https:\/\/www.turistamagazine.com\/v2\/index.php?rest_route=%2Fwp%2Fv2%2Fcomments&post=12259"}],"version-history":[{"count":16,"href":"https:\/\/www.turistamagazine.com\/v2\/index.php?rest_route=\/wp\/v2\/posts\/12259\/revisions"}],"predecessor-version":[{"id":12277,"href":"https:\/\/www.turistamagazine.com\/v2\/index.php?rest_route=\/wp\/v2\/posts\/12259\/revisions\/12277"}],"wp:attachment":[{"href":"https:\/\/www.turistamagazine.com\/v2\/index.php?rest_route=%2Fwp%2Fv2%2Fmedia&parent=12259"}],"wp:term":[{"taxonomy":"category","embeddable":true,"href":"https:\/\/www.turistamagazine.com\/v2\/index.php?rest_route=%2Fwp%2Fv2%2Fcategories&post=12259"},{"taxonomy":"post_tag","embeddable":true,"href":"https:\/\/www.turistamagazine.com\/v2\/index.php?rest_route=%2Fwp%2Fv2%2Ftags&post=12259"}],"curies":[{"name":"wp","href":"https:\/\/api.w.org\/{rel}","templated":true}]}}