{"id":1222,"date":"2014-02-02T22:45:59","date_gmt":"2014-02-03T03:45:59","guid":{"rendered":"http:\/\/www.turistamagazine.com\/v2\/?p=1222"},"modified":"2014-02-02T23:11:04","modified_gmt":"2014-02-03T04:11:04","slug":"fra-ca-mente","status":"publish","type":"post","link":"https:\/\/www.turistamagazine.com\/v2\/?p=1222","title":{"rendered":"FRA-CA-MENTE.-"},"content":{"rendered":"<p align=\"center\"><span style=\"color: #000080;\"><strong>EL FALLO DE LA HAYA<\/strong><\/span><\/p>\n<p style=\"text-align: justify;\" align=\"right\"><span style=\"color: #000080;\"><strong>\u00a0<\/strong><\/span><strong><span style=\"color: #000080;\">FRAN-CA-MENTE.-<\/span> \u00a0<\/strong>Los peruanos estamos esperando con enorme expectativa el fallo de la Corte Internacional de Justicia de La Haya, sobre el sobre el diferendo mar\u00edtimo con Chile, no vamos a realizar ning\u00fan comentario acerca de ese tema\u00a0 de gran \u00a0trascendencia pol\u00edtica para ambos pa\u00edses, \u00a0puesto que no somos juristas ni analistas internacionales.<\/p>\n<p style=\"text-align: justify;\">\u00a0De lo que s\u00ed vamos tratar, es acerca de los titulares de algunos\u00a0 peri\u00f3dicos\u00a0 tanto peruanos como del vecino pa\u00eds, que por vender m\u00e1s, hacen eco de declaraciones de personajes trasnochados, que necesitan de afirmaciones fuera de contexto para ganar portadas y hacer noticia. En este fallo de la HAYA no habr\u00e1 vencedores ni vencidos, s\u00f3lo se espera un fallo equitativo y justo\u2026<strong><em><span style=\"color: #000080;\"> \u00a1Basta ya, de aprovechar esta situaci\u00f3n para fomentar caos y desconcierto!&#8230; Lo que creemos es que si, ambos pa\u00edses se comprometieron a aceptar el fallo del organismo internacional de justicia, sea el que fuere\u2026 Pues s\u00f3lo les queda\u00a0 hacer honor a su palabra\u2026<\/span><\/em><\/strong><\/p>\n<p style=\"text-align: justify;\">\u00a0Dej\u00e9monos\u00a0 de chauvinismo\u00a0 patrioteros, que s\u00f3lo ocasionar\u00edan p\u00e9rdidas a ambos pa\u00edses\u2026Lo indispensable\u00a0 es que se dejen de lado los apetitos pol\u00edticos, y que este fallo encuentre \u00a0al pueblo peruano m\u00e1s unido que nunca\u2026 <span style=\"color: #000080;\"><strong>FRAN-CA-MENTE\u2026<\/strong><\/span><\/p>\n<p style=\"text-align: justify;\"><strong>\u00a0<\/strong><\/p>\n","protected":false},"excerpt":{"rendered":"<p>EL FALLO DE LA HAYA \u00a0FRAN-CA-MENTE.- \u00a0Los peruanos estamos esperando con enorme expectativa el fallo de la Corte Internacional de Justicia de La Haya, sobre el sobre el diferendo mar\u00edtimo con Chile, no vamos a realizar ning\u00fan comentario acerca de ese tema\u00a0 de gran \u00a0trascendencia pol\u00edtica para ambos pa\u00edses, \u00a0puesto que no somos juristas ni analistas internacionales. \u00a0De lo que s\u00ed vamos tratar, es acerca de los titulares de algunos\u00a0 peri\u00f3dicos\u00a0 tanto peruanos como del vecino pa\u00eds, que por vender m\u00e1s, hacen eco de declaraciones de personajes trasnochados, que necesitan de afirmaciones fuera de contexto para ganar portadas y hacer&#8230;<\/p>\n","protected":false},"author":1,"featured_media":0,"comment_status":"open","ping_status":"open","sticky":false,"template":"","format":"standard","meta":{"footnotes":""},"categories":[346],"tags":[371],"class_list":["post-1222","post","type-post","status-publish","format-standard","hentry","category-francamente","tag-francamente-1312014"],"_links":{"self":[{"href":"https:\/\/www.turistamagazine.com\/v2\/index.php?rest_route=\/wp\/v2\/posts\/1222","targetHints":{"allow":["GET"]}}],"collection":[{"href":"https:\/\/www.turistamagazine.com\/v2\/index.php?rest_route=\/wp\/v2\/posts"}],"about":[{"href":"https:\/\/www.turistamagazine.com\/v2\/index.php?rest_route=\/wp\/v2\/types\/post"}],"author":[{"embeddable":true,"href":"https:\/\/www.turistamagazine.com\/v2\/index.php?rest_route=\/wp\/v2\/users\/1"}],"replies":[{"embeddable":true,"href":"https:\/\/www.turistamagazine.com\/v2\/index.php?rest_route=%2Fwp%2Fv2%2Fcomments&post=1222"}],"version-history":[{"count":3,"href":"https:\/\/www.turistamagazine.com\/v2\/index.php?rest_route=\/wp\/v2\/posts\/1222\/revisions"}],"predecessor-version":[{"id":1238,"href":"https:\/\/www.turistamagazine.com\/v2\/index.php?rest_route=\/wp\/v2\/posts\/1222\/revisions\/1238"}],"wp:attachment":[{"href":"https:\/\/www.turistamagazine.com\/v2\/index.php?rest_route=%2Fwp%2Fv2%2Fmedia&parent=1222"}],"wp:term":[{"taxonomy":"category","embeddable":true,"href":"https:\/\/www.turistamagazine.com\/v2\/index.php?rest_route=%2Fwp%2Fv2%2Fcategories&post=1222"},{"taxonomy":"post_tag","embeddable":true,"href":"https:\/\/www.turistamagazine.com\/v2\/index.php?rest_route=%2Fwp%2Fv2%2Ftags&post=1222"}],"curies":[{"name":"wp","href":"https:\/\/api.w.org\/{rel}","templated":true}]}}