{"id":12216,"date":"2015-04-21T10:51:42","date_gmt":"2015-04-21T15:51:42","guid":{"rendered":"http:\/\/www.turistamagazine.com\/v2\/?p=12216"},"modified":"2015-04-21T10:51:42","modified_gmt":"2015-04-21T15:51:42","slug":"crean-comision-que-propondra-contribuciones-del-peru-contra-el-cambio-climatico","status":"publish","type":"post","link":"https:\/\/www.turistamagazine.com\/v2\/?p=12216","title":{"rendered":"CREAN COMISI\u00d3N QUE PROPONDR\u00c1 CONTRIBUCIONES DEL PER\u00da CONTRA EL CAMBIO CLIM\u00c1TICO"},"content":{"rendered":"<p>Lima, abr. 21. El Ejecutivo oficializ\u00f3 hoy la creaci\u00f3n de la Comisi\u00f3n Multisectorial a cargo del Ministerio del Ambiente que propondr\u00e1 ante las Naciones Unidas las contribuciones del Per\u00fa a la lucha contra el cambio clim\u00e1tico.<\/p>\n<p>Esta medida se toma en consideraci\u00f3n a que durante la Vig\u00e9sima Conferencia de las Partes de la Convenci\u00f3n Marco de Naciones Unidas sobre Cambio Clim\u00e1tico (COP 20) realizada en Lima en diciembre de 2014, estableci\u00f3 que el plazo para presentar estas contribuciones (iNDC por sus siglas en ingl\u00e9s), vence el 01 de octubre del 2015.<\/p>\n<p>La Comisi\u00f3n Multisectorial, de acuerdo a una norma publica hoy en el Diario Oficial El Peruano, est\u00e1 conformada por los ministerios del Ambiente, que la preside, de Relaciones Exteriores;\u00a0 Agricultura y Riego; Econom\u00eda y Finanzas; Energ\u00eda y Minas; Transportes y Comunicaciones; Producci\u00f3n; Vivienda, Construcci\u00f3n y Saneamiento; Salud; Educaci\u00f3n; Cultura; y Justicia y Derechos Humanos.<\/p>\n<p>El informe t\u00e9cnico de la propuesta de las Contribuciones Previstas y Determinadas a Nivel Nacional (iNDC) incluye medidas de adaptaci\u00f3n, metas, viabilidad, estrategia de implementaci\u00f3n y los mecanismos de monitoreo.<\/p>\n<p>Los titulares de los portafolios designar\u00e1n a su representante alterno, dentro del plazo de tres d\u00edas contados a partir del d\u00eda siguiente de la publicaci\u00f3n de la presente Resoluci\u00f3n Suprema. La designaci\u00f3n del representante alterno recaer\u00e1 en el viceministro (a).<\/p>\n<p>La Comisi\u00f3n, que se instalar\u00e1 en los pr\u00f3ximos cinco d\u00edas h\u00e1biles, tambi\u00e9n podr\u00e1 invitar a otras entidades del Estado, del sector privado y de la sociedad civil para que participen y cooperen al cumplimiento de su objetivo.(\u2026)<\/p>\n","protected":false},"excerpt":{"rendered":"<p>Lima, abr. 21. El Ejecutivo oficializ\u00f3 hoy la creaci\u00f3n de la Comisi\u00f3n Multisectorial a cargo del Ministerio del Ambiente que propondr\u00e1 ante las Naciones Unidas las contribuciones del Per\u00fa a la lucha contra el cambio clim\u00e1tico. Esta medida se toma en consideraci\u00f3n a que durante la Vig\u00e9sima Conferencia de las Partes de la Convenci\u00f3n Marco de Naciones Unidas sobre Cambio Clim\u00e1tico (COP 20) realizada en Lima en diciembre de 2014, estableci\u00f3 que el plazo para presentar estas contribuciones (iNDC por sus siglas en ingl\u00e9s), vence el 01 de octubre del 2015. La Comisi\u00f3n Multisectorial, de acuerdo a una norma publica&#8230;<\/p>\n","protected":false},"author":1,"featured_media":0,"comment_status":"open","ping_status":"open","sticky":false,"template":"","format":"standard","meta":{"footnotes":""},"categories":[4,82],"tags":[117,349,330],"class_list":["post-12216","post","type-post","status-publish","format-standard","hentry","category-breaking-news","category-nacionales","tag-promocion-turistica","tag-promperu","tag-turismo-en-el-peru"],"_links":{"self":[{"href":"https:\/\/www.turistamagazine.com\/v2\/index.php?rest_route=\/wp\/v2\/posts\/12216","targetHints":{"allow":["GET"]}}],"collection":[{"href":"https:\/\/www.turistamagazine.com\/v2\/index.php?rest_route=\/wp\/v2\/posts"}],"about":[{"href":"https:\/\/www.turistamagazine.com\/v2\/index.php?rest_route=\/wp\/v2\/types\/post"}],"author":[{"embeddable":true,"href":"https:\/\/www.turistamagazine.com\/v2\/index.php?rest_route=\/wp\/v2\/users\/1"}],"replies":[{"embeddable":true,"href":"https:\/\/www.turistamagazine.com\/v2\/index.php?rest_route=%2Fwp%2Fv2%2Fcomments&post=12216"}],"version-history":[{"count":1,"href":"https:\/\/www.turistamagazine.com\/v2\/index.php?rest_route=\/wp\/v2\/posts\/12216\/revisions"}],"predecessor-version":[{"id":12218,"href":"https:\/\/www.turistamagazine.com\/v2\/index.php?rest_route=\/wp\/v2\/posts\/12216\/revisions\/12218"}],"wp:attachment":[{"href":"https:\/\/www.turistamagazine.com\/v2\/index.php?rest_route=%2Fwp%2Fv2%2Fmedia&parent=12216"}],"wp:term":[{"taxonomy":"category","embeddable":true,"href":"https:\/\/www.turistamagazine.com\/v2\/index.php?rest_route=%2Fwp%2Fv2%2Fcategories&post=12216"},{"taxonomy":"post_tag","embeddable":true,"href":"https:\/\/www.turistamagazine.com\/v2\/index.php?rest_route=%2Fwp%2Fv2%2Ftags&post=12216"}],"curies":[{"name":"wp","href":"https:\/\/api.w.org\/{rel}","templated":true}]}}