{"id":11899,"date":"2015-04-07T07:02:24","date_gmt":"2015-04-07T12:02:24","guid":{"rendered":"http:\/\/www.turistamagazine.com\/v2\/?p=11899"},"modified":"2015-04-07T07:02:24","modified_gmt":"2015-04-07T12:02:24","slug":"arequipa-mas-de-7-mil-turistas-visitaron-el-valle-del-colca","status":"publish","type":"post","link":"https:\/\/www.turistamagazine.com\/v2\/?p=11899","title":{"rendered":"AREQUIPA: M\u00c1S DE 7 MIL TURISTAS VISITARON EL VALLE DEL COLCA"},"content":{"rendered":"<p style=\"text-align: justify;\">Arequipa 7 de Abril 2015.- M\u00e1s de 7 mil turistas visitaron el valle del Colca, provincia arequipe\u00f1a de Caylloma, durante el fin de semana largo; as\u00ed lo inform\u00f3, el gerente de la Autoridad Aut\u00f3noma del Colca (Autocolca), Juan N\u00fa\u00f1ez Salas.<\/p>\n<p style=\"text-align: justify;\">De los turistas que arribaron hasta este atractivo tur\u00edstico de la regi\u00f3n Arequipa, 1370 fueron visitantes nacionales, 928 extranjeros, y alrededor de 5 mil ciudadanos arequipe\u00f1os; increment\u00e1ndose la cifra en 10% comparado con el mismo periodo del a\u00f1o pasado.<\/p>\n<p style=\"text-align: justify;\">Durante el fin de semana largo, se desarroll\u00f3 una feria gastron\u00f3mica, artesanal y agroecol\u00f3gica en Chivay, donde representantes de\u00a0 20 distritos del valle del Colca expusieron los principales recursos y tradiciones de la provincia.<\/p>\n<p style=\"text-align: justify;\">Cr\u00e9ditos: RPP\/internet<strong><em><\/em><\/strong><\/p>\n","protected":false},"excerpt":{"rendered":"<p>Arequipa 7 de Abril 2015.- M\u00e1s de 7 mil turistas visitaron el valle del Colca, provincia arequipe\u00f1a de Caylloma, durante el fin de semana largo; as\u00ed lo inform\u00f3, el gerente de la Autoridad Aut\u00f3noma del Colca (Autocolca), Juan N\u00fa\u00f1ez Salas. De los turistas que arribaron hasta este atractivo tur\u00edstico de la regi\u00f3n Arequipa, 1370 fueron visitantes nacionales, 928 extranjeros, y alrededor de 5 mil ciudadanos arequipe\u00f1os; increment\u00e1ndose la cifra en 10% comparado con el mismo periodo del a\u00f1o pasado. Durante el fin de semana largo, se desarroll\u00f3 una feria gastron\u00f3mica, artesanal y agroecol\u00f3gica en Chivay, donde representantes de\u00a0 20 distritos&#8230;<\/p>\n","protected":false},"author":1,"featured_media":0,"comment_status":"open","ping_status":"open","sticky":false,"template":"","format":"standard","meta":{"footnotes":""},"categories":[4,82],"tags":[268,340,452],"class_list":["post-11899","post","type-post","status-publish","format-standard","hentry","category-breaking-news","category-nacionales","tag-arequipa","tag-peru","tag-valle-del-colca"],"_links":{"self":[{"href":"https:\/\/www.turistamagazine.com\/v2\/index.php?rest_route=\/wp\/v2\/posts\/11899","targetHints":{"allow":["GET"]}}],"collection":[{"href":"https:\/\/www.turistamagazine.com\/v2\/index.php?rest_route=\/wp\/v2\/posts"}],"about":[{"href":"https:\/\/www.turistamagazine.com\/v2\/index.php?rest_route=\/wp\/v2\/types\/post"}],"author":[{"embeddable":true,"href":"https:\/\/www.turistamagazine.com\/v2\/index.php?rest_route=\/wp\/v2\/users\/1"}],"replies":[{"embeddable":true,"href":"https:\/\/www.turistamagazine.com\/v2\/index.php?rest_route=%2Fwp%2Fv2%2Fcomments&post=11899"}],"version-history":[{"count":3,"href":"https:\/\/www.turistamagazine.com\/v2\/index.php?rest_route=\/wp\/v2\/posts\/11899\/revisions"}],"predecessor-version":[{"id":11902,"href":"https:\/\/www.turistamagazine.com\/v2\/index.php?rest_route=\/wp\/v2\/posts\/11899\/revisions\/11902"}],"wp:attachment":[{"href":"https:\/\/www.turistamagazine.com\/v2\/index.php?rest_route=%2Fwp%2Fv2%2Fmedia&parent=11899"}],"wp:term":[{"taxonomy":"category","embeddable":true,"href":"https:\/\/www.turistamagazine.com\/v2\/index.php?rest_route=%2Fwp%2Fv2%2Fcategories&post=11899"},{"taxonomy":"post_tag","embeddable":true,"href":"https:\/\/www.turistamagazine.com\/v2\/index.php?rest_route=%2Fwp%2Fv2%2Ftags&post=11899"}],"curies":[{"name":"wp","href":"https:\/\/api.w.org\/{rel}","templated":true}]}}