{"id":11841,"date":"2015-04-02T09:11:32","date_gmt":"2015-04-02T14:11:32","guid":{"rendered":"http:\/\/www.turistamagazine.com\/v2\/?p=11841"},"modified":"2015-04-02T09:11:32","modified_gmt":"2015-04-02T14:11:32","slug":"el-papa-vuelve-a-criticar-a-los-curas-aburridos-y-con-cara-de-vinagre","status":"publish","type":"post","link":"https:\/\/www.turistamagazine.com\/v2\/?p=11841","title":{"rendered":"EL PAPA VUELVE A CRITICAR A LOS CURAS \u00abABURRIDOS\u00bb Y CON \u00abCARA DE VINAGRE\u00bb"},"content":{"rendered":"<p style=\"text-align: justify;\">\n<p style=\"text-align: justify;\"><span style=\"color: #000080;\"><strong><em>\u00a0Pensamos y en voz alta lo mismo que tu Francisco, por eso te amamos y copiamos textualmente la noticia publicada por el Diario Universal de Caracas<\/em><\/strong><\/span><\/p>\n<p style=\"text-align: justify;\">2 de abril de 2015\u00a0 .- \u00a0del Vaticano.- El papa Francisco record\u00f3 hoy que los sacerdotes no pueden ser \u00abpastores con cara de vinagre, quejosos ni, lo que es peor, pastores aburridos\u00bb, durante la homil\u00eda de la misa Crismal del Jueves Santo que celebr\u00f3 en la bas\u00edlica de San Pedro. La misa de hoy tambi\u00e9n rememora \u00abel d\u00eda de la instituci\u00f3n del sacerdocio\u00bb y por ello la homil\u00eda del papa, como en anteriores Jueves Santos, estuvo dedicada a los consejos para los sacerdotes y a la \u00abbelleza\u00bb del cansancio por dedicarse a los fieles, inform\u00f3 Efe.<\/p>\n<p style=\"text-align: justify;\">El papa Bergoglio explic\u00f3 c\u00f3mo todo este servicio y cercan\u00eda a la gente cansa, pero, se\u00f1al\u00f3, \u00abes cansancio del bueno, cansancio lleno de frutos y de alegr\u00eda\u00bb.<\/p>\n<p style=\"text-align: justify;\">\u00abEl pueblo fiel no nos deja sin tarea directa, salvo que uno se esconda en una oficina o ande por la ciudad en un auto con vidrios polarizados\u00bb, asever\u00f3.<\/p>\n<p style=\"text-align: justify;\">Pero a pesar de esta fatiga, el papa indic\u00f3 a los sacerdotes que no pueden ser \u00abpastores con cara de vinagre, quejosos ni, lo que es peor, pastores aburridos\u00bb.<\/p>\n<p style=\"text-align: justify;\">Y reiter\u00f3 la necesidad de pastores \u00abcon olor a oveja\u00bb y \u00absonrisa de padre\u00bb.<\/p>\n<p style=\"text-align: justify;\">\u00abNada que ver con esos que huelen a perfume caro y te miran de lejos y desde arriba\u00bb, agreg\u00f3.<\/p>\n<p style=\"text-align: justify;\">El papa inici\u00f3 su homil\u00eda con una confesi\u00f3n: \u00abSab\u00e9is cuantas veces pienso en el cansancio. El cansancio de todos vosotros. Pienso mucho y rezo por ello a menudo, especialmente cuando el que est\u00e1 cansado soy yo\u00bb.<\/p>\n<p style=\"text-align: justify;\">\u00abNuestra fatiga es preciosa a los ojos de Jes\u00fas, que nos acoge y nos pone de pie\u00bb, asegur\u00f3 el papa en la primera ceremonia del llamado \u00abTriduo Pasqual\u00bb, el periodo de tiempo en el que los cat\u00f3licos conmemoran la pasi\u00f3n, muerte y resurrecci\u00f3n de Cristo.<\/p>\n<p style=\"text-align: justify;\">Francisco repas\u00f3 los deberes que deben cumplir los sacerdotes y despu\u00e9s a\u00f1adi\u00f3 que adem\u00e1s hay otras tareas como \u00abconstruir un nuevo sal\u00f3n parroquial, o pintar las l\u00edneas para el campo de f\u00fatbol de los j\u00f3venes del Oratorio\u00bb.<\/p>\n<p style=\"text-align: justify;\">\u00abSon tareas en las que nuestro coraz\u00f3n es movido y conmovido. Nos alegramos con los novios que se casan, re\u00edmos con el beb\u00e9 que traen a bautizar; acompa\u00f1amos a los j\u00f3venes que se preparan para el matrimonio y a las familias; nos apenamos con el que recibe la unci\u00f3n en la cama del hospital, lloramos con los que entierran a un ser querido&#8230;\u00bb, agreg\u00f3.<\/p>\n<p style=\"text-align: justify;\">Son deberes, seg\u00fan Francisco, que \u00abfatigan el coraz\u00f3n del Pastor\u00bb pues, asegur\u00f3: \u00abpara nosotros los sacerdotes las historias de nuestra gente no son un noticiero\u00bb.<\/p>\n<p style=\"text-align: justify;\">\u00abConocemos a nuestro pueblo, podemos adivinar lo que les est\u00e1 pasando en su coraz\u00f3n; y el nuestro, al compadecernos (al padecer con ellos), se nos va deshilachando, se nos parte en mil pedacitos, y es conmovido y hasta parece comido por la gente\u00bb, dijo.<\/p>\n<p style=\"text-align: justify;\">Tambi\u00e9n inst\u00f3 el pont\u00edfice a los sacerdotes \u00abno s\u00f3lo a hacer el bien, con toda la fatiga que conlleva, sino que hay que defender al reba\u00f1o y defenderse uno mismo contra el mal\u00bb.<\/p>\n<p style=\"text-align: justify;\">\u00abEl maligno es m\u00e1s astuto que nosotros y es capaz de tirar abajo en un momento lo que construimos con paciencia durante largo tiempo\u00bb, dijo.<\/p>\n<p style=\"text-align: justify;\">Pero les recomend\u00f3 que ante ello \u00abhay que aprender a neutralizar el mal\u00bb y \u00abno\u00bb arrancar la ciza\u00f1a, no pretender defender como superhombres lo que s\u00f3lo el Se\u00f1or tiene que defender\u00bb.<\/p>\n<p style=\"text-align: justify;\">La celebraci\u00f3n del Jueves Santo continuar\u00e1 esta tarde, cuando el papa, continuando con la tradici\u00f3n de cuando era arzobispo de Buenos Aires, saldr\u00e1 del Vaticano para efectuar una misa en la c\u00e1rcel romana de Rebbibia, donde lavara los pies a doce reclusos.<\/p>\n<p>F\/ EL UNIVERSAL<\/p>\n<p>Pensamos y en voz alta lo mismo que tu Francisco, por eso te amamos y copiamos textualmente la noticia publicada por el Diario Universal de Caracas<\/p>\n","protected":false},"excerpt":{"rendered":"<p>\u00a0Pensamos y en voz alta lo mismo que tu Francisco, por eso te amamos y copiamos textualmente la noticia publicada por el Diario Universal de Caracas 2 de abril de 2015\u00a0 .- \u00a0del Vaticano.- El papa Francisco record\u00f3 hoy que los sacerdotes no pueden ser \u00abpastores con cara de vinagre, quejosos ni, lo que es peor, pastores aburridos\u00bb, durante la homil\u00eda de la misa Crismal del Jueves Santo que celebr\u00f3 en la bas\u00edlica de San Pedro. La misa de hoy tambi\u00e9n rememora \u00abel d\u00eda de la instituci\u00f3n del sacerdocio\u00bb y por ello la homil\u00eda del papa, como en anteriores Jueves&#8230;<\/p>\n","protected":false},"author":1,"featured_media":0,"comment_status":"open","ping_status":"open","sticky":false,"template":"","format":"standard","meta":{"footnotes":""},"categories":[90],"tags":[4106,4108,4107,171],"class_list":["post-11841","post","type-post","status-publish","format-standard","hentry","category-pensando-en-voz-alta","tag-bergoglio","tag-crismal-del-jueves-santo","tag-curas-con-cara-de-vinagre","tag-papa-francisco"],"_links":{"self":[{"href":"https:\/\/www.turistamagazine.com\/v2\/index.php?rest_route=\/wp\/v2\/posts\/11841","targetHints":{"allow":["GET"]}}],"collection":[{"href":"https:\/\/www.turistamagazine.com\/v2\/index.php?rest_route=\/wp\/v2\/posts"}],"about":[{"href":"https:\/\/www.turistamagazine.com\/v2\/index.php?rest_route=\/wp\/v2\/types\/post"}],"author":[{"embeddable":true,"href":"https:\/\/www.turistamagazine.com\/v2\/index.php?rest_route=\/wp\/v2\/users\/1"}],"replies":[{"embeddable":true,"href":"https:\/\/www.turistamagazine.com\/v2\/index.php?rest_route=%2Fwp%2Fv2%2Fcomments&post=11841"}],"version-history":[{"count":2,"href":"https:\/\/www.turistamagazine.com\/v2\/index.php?rest_route=\/wp\/v2\/posts\/11841\/revisions"}],"predecessor-version":[{"id":11843,"href":"https:\/\/www.turistamagazine.com\/v2\/index.php?rest_route=\/wp\/v2\/posts\/11841\/revisions\/11843"}],"wp:attachment":[{"href":"https:\/\/www.turistamagazine.com\/v2\/index.php?rest_route=%2Fwp%2Fv2%2Fmedia&parent=11841"}],"wp:term":[{"taxonomy":"category","embeddable":true,"href":"https:\/\/www.turistamagazine.com\/v2\/index.php?rest_route=%2Fwp%2Fv2%2Fcategories&post=11841"},{"taxonomy":"post_tag","embeddable":true,"href":"https:\/\/www.turistamagazine.com\/v2\/index.php?rest_route=%2Fwp%2Fv2%2Ftags&post=11841"}],"curies":[{"name":"wp","href":"https:\/\/api.w.org\/{rel}","templated":true}]}}