{"id":1169,"date":"2014-02-02T08:50:44","date_gmt":"2014-02-02T13:50:44","guid":{"rendered":"http:\/\/www.turistamagazine.com\/v2\/?p=1169"},"modified":"2014-02-02T08:50:44","modified_gmt":"2014-02-02T13:50:44","slug":"peru-arequipa-volcan-ubinas-otra-vez-emite-fumarolas","status":"publish","type":"post","link":"https:\/\/www.turistamagazine.com\/v2\/?p=1169","title":{"rendered":"PERU: AREQUIPA VOLC\u00c1N UBINAS OTRA VEZ EMITE FUMAROLAS"},"content":{"rendered":"<p style=\"text-align: justify;\">\n<p style=\"text-align: justify;\">El volc\u00e1n Ubinas retom\u00f3 su actividad. El alcalde del distrito de San Juan de Tarucani, Floro Choque, se\u00f1al\u00f3 que el cr\u00e1ter nuevamente empez\u00f3 ayer a emitir fumarolas de gran altura, y la poblaci\u00f3n teme que se repitan las explosiones registradas en setiembre de 2013.<\/p>\n<p style=\"text-align: justify;\">La autoridad dijo que, aunque las fumarolas no son como las del a\u00f1o pasado, la comuna se alista para enfrentar una emergencia.<\/p>\n<p style=\"text-align: justify;\">\u201cContamos con mascarillas y carpas en caso se incremente la actividad y el volc\u00e1n emita cenizas y gases, y si es necesario reubicar a la poblaci\u00f3n contamos con un \u00e1rea adecuada\u201d, indic\u00f3. F\/Andina<\/p>\n","protected":false},"excerpt":{"rendered":"<p>El volc\u00e1n Ubinas retom\u00f3 su actividad. El alcalde del distrito de San Juan de Tarucani, Floro Choque, se\u00f1al\u00f3 que el cr\u00e1ter nuevamente empez\u00f3 ayer a emitir fumarolas de gran altura, y la poblaci\u00f3n teme que se repitan las explosiones registradas en setiembre de 2013. La autoridad dijo que, aunque las fumarolas no son como las del a\u00f1o pasado, la comuna se alista para enfrentar una emergencia. \u201cContamos con mascarillas y carpas en caso se incremente la actividad y el volc\u00e1n emita cenizas y gases, y si es necesario reubicar a la poblaci\u00f3n contamos con un \u00e1rea adecuada\u201d, indic\u00f3. F\/Andina<\/p>\n","protected":false},"author":1,"featured_media":0,"comment_status":"open","ping_status":"open","sticky":false,"template":"","format":"standard","meta":{"footnotes":""},"categories":[4,82],"tags":[268,340,361],"class_list":["post-1169","post","type-post","status-publish","format-standard","hentry","category-breaking-news","category-nacionales","tag-arequipa","tag-peru","tag-volcan-ubima"],"_links":{"self":[{"href":"https:\/\/www.turistamagazine.com\/v2\/index.php?rest_route=\/wp\/v2\/posts\/1169","targetHints":{"allow":["GET"]}}],"collection":[{"href":"https:\/\/www.turistamagazine.com\/v2\/index.php?rest_route=\/wp\/v2\/posts"}],"about":[{"href":"https:\/\/www.turistamagazine.com\/v2\/index.php?rest_route=\/wp\/v2\/types\/post"}],"author":[{"embeddable":true,"href":"https:\/\/www.turistamagazine.com\/v2\/index.php?rest_route=\/wp\/v2\/users\/1"}],"replies":[{"embeddable":true,"href":"https:\/\/www.turistamagazine.com\/v2\/index.php?rest_route=%2Fwp%2Fv2%2Fcomments&post=1169"}],"version-history":[{"count":2,"href":"https:\/\/www.turistamagazine.com\/v2\/index.php?rest_route=\/wp\/v2\/posts\/1169\/revisions"}],"predecessor-version":[{"id":1173,"href":"https:\/\/www.turistamagazine.com\/v2\/index.php?rest_route=\/wp\/v2\/posts\/1169\/revisions\/1173"}],"wp:attachment":[{"href":"https:\/\/www.turistamagazine.com\/v2\/index.php?rest_route=%2Fwp%2Fv2%2Fmedia&parent=1169"}],"wp:term":[{"taxonomy":"category","embeddable":true,"href":"https:\/\/www.turistamagazine.com\/v2\/index.php?rest_route=%2Fwp%2Fv2%2Fcategories&post=1169"},{"taxonomy":"post_tag","embeddable":true,"href":"https:\/\/www.turistamagazine.com\/v2\/index.php?rest_route=%2Fwp%2Fv2%2Ftags&post=1169"}],"curies":[{"name":"wp","href":"https:\/\/api.w.org\/{rel}","templated":true}]}}