{"id":11602,"date":"2015-03-23T07:43:57","date_gmt":"2015-03-23T12:43:57","guid":{"rendered":"http:\/\/www.turistamagazine.com\/v2\/?p=11602"},"modified":"2015-03-23T07:43:57","modified_gmt":"2015-03-23T12:43:57","slug":"reliquia-de-juan-pablo-ii-se-exhibira-el-miercoles-en-arequipa","status":"publish","type":"post","link":"https:\/\/www.turistamagazine.com\/v2\/?p=11602","title":{"rendered":"RELIQUIA DE JUAN PABLO II SE EXHIBIR\u00c1 EL MI\u00c9RCOLES EN AREQUIPA"},"content":{"rendered":"<p style=\"text-align: justify;\">Arequipa, mar. 23 Este mi\u00e9rcoles 25 de marzo se exhibir\u00e1 en Arequipa la reliquia de Juan Pablo II, con motivo del trig\u00e9simo aniversario de la visita del Santo Padre esta ciudad, ocasi\u00f3n por la cual se ha programado una serie de actividades.<\/p>\n<p style=\"text-align: justify;\">El arzobispo de la ciudad, Monse\u00f1or Javier del R\u00edo Alba, indic\u00f3 que la reliquia consiste en cabellos de Juan Pablo II que llega procedente de Argentina, primera ciudad donde se exhibi\u00f3.<\/p>\n<p style=\"text-align: justify;\">\u00a0Arequipa es la segunda ciudad de Am\u00e9rica Latina en recibir la reliquia de Juan Pablo II.<\/p>\n<p style=\"text-align: justify;\">La veneraci\u00f3n de la reliquia se realizar\u00e1 en la Catedral de Arequipa a las 18:30 horas y el viernes 27, en el per\u00edmetro de la Plaza de Armas se realizar\u00e1 el<span style=\"color: #000080;\"><strong><em> \u00abV\u00eda Crucis de Juan Pablo II por la Vida Consagrada\u00bb<\/em><\/strong><\/span> a las 18:00 horas.<\/p>\n<p style=\"text-align: justify;\">El Arzobispado de Arequipa ha programado la semana Teol\u00f3gica Pastoral denominada <strong><em><span style=\"color: #000080;\">\u201cJuan Pablo II, Treinta A\u00f1os Despu\u00e9s\u201d<\/span><\/em><\/strong>, la misma que se inicia el lunes 23 de marzo con el congreso teol\u00f3gico a cargo del Cardenal Antonio Mar\u00eda Rouco Varela, Arzobispo Em\u00e9rito de la Arquidi\u00f3cesis de Madrid.<\/p>\n<p style=\"text-align: justify;\">El evento contar\u00e1 adem\u00e1s con destacados expositores provenientes de Espa\u00f1a y Argentina, quienes durante dos d\u00edas dictar\u00e1n conferencias en el Centro de Convenciones del Colegio de Abogados.<\/p>\n<p style=\"text-align: justify;\">Juan Pablo II visit\u00f3 Arequipa el 2 de febrero de 1985, coron\u00f3 la imagen de la Virgen de Chapi y celebr\u00f3 la Santa Misa por la Beatificaci\u00f3n de Sor Ana de los Angeles Monteagudo.<\/p>\n<p>&nbsp;<\/p>\n<p>ANDINA\/Oscar Farje<\/p>\n","protected":false},"excerpt":{"rendered":"<p>Arequipa, mar. 23 Este mi\u00e9rcoles 25 de marzo se exhibir\u00e1 en Arequipa la reliquia de Juan Pablo II, con motivo del trig\u00e9simo aniversario de la visita del Santo Padre esta ciudad, ocasi\u00f3n por la cual se ha programado una serie de actividades. El arzobispo de la ciudad, Monse\u00f1or Javier del R\u00edo Alba, indic\u00f3 que la reliquia consiste en cabellos de Juan Pablo II que llega procedente de Argentina, primera ciudad donde se exhibi\u00f3. \u00a0Arequipa es la segunda ciudad de Am\u00e9rica Latina en recibir la reliquia de Juan Pablo II. La veneraci\u00f3n de la reliquia se realizar\u00e1 en la Catedral de&#8230;<\/p>\n","protected":false},"author":1,"featured_media":0,"comment_status":"open","ping_status":"open","sticky":false,"template":"","format":"standard","meta":{"footnotes":""},"categories":[4,82],"tags":[268,906,340,4047,4046],"class_list":["post-11602","post","type-post","status-publish","format-standard","hentry","category-breaking-news","category-nacionales","tag-arequipa","tag-juan-pablo-ii","tag-peru","tag-reliquia-de-juan-pablo-ii","tag-treinta-anos-despues"],"_links":{"self":[{"href":"https:\/\/www.turistamagazine.com\/v2\/index.php?rest_route=\/wp\/v2\/posts\/11602","targetHints":{"allow":["GET"]}}],"collection":[{"href":"https:\/\/www.turistamagazine.com\/v2\/index.php?rest_route=\/wp\/v2\/posts"}],"about":[{"href":"https:\/\/www.turistamagazine.com\/v2\/index.php?rest_route=\/wp\/v2\/types\/post"}],"author":[{"embeddable":true,"href":"https:\/\/www.turistamagazine.com\/v2\/index.php?rest_route=\/wp\/v2\/users\/1"}],"replies":[{"embeddable":true,"href":"https:\/\/www.turistamagazine.com\/v2\/index.php?rest_route=%2Fwp%2Fv2%2Fcomments&post=11602"}],"version-history":[{"count":2,"href":"https:\/\/www.turistamagazine.com\/v2\/index.php?rest_route=\/wp\/v2\/posts\/11602\/revisions"}],"predecessor-version":[{"id":11605,"href":"https:\/\/www.turistamagazine.com\/v2\/index.php?rest_route=\/wp\/v2\/posts\/11602\/revisions\/11605"}],"wp:attachment":[{"href":"https:\/\/www.turistamagazine.com\/v2\/index.php?rest_route=%2Fwp%2Fv2%2Fmedia&parent=11602"}],"wp:term":[{"taxonomy":"category","embeddable":true,"href":"https:\/\/www.turistamagazine.com\/v2\/index.php?rest_route=%2Fwp%2Fv2%2Fcategories&post=11602"},{"taxonomy":"post_tag","embeddable":true,"href":"https:\/\/www.turistamagazine.com\/v2\/index.php?rest_route=%2Fwp%2Fv2%2Ftags&post=11602"}],"curies":[{"name":"wp","href":"https:\/\/api.w.org\/{rel}","templated":true}]}}