{"id":11596,"date":"2015-03-23T07:31:12","date_gmt":"2015-03-23T12:31:12","guid":{"rendered":"http:\/\/www.turistamagazine.com\/v2\/?p=11596"},"modified":"2015-03-23T07:40:02","modified_gmt":"2015-03-23T12:40:02","slug":"magali-silva-peru-busca-ser-el-principal-destino-de-viaje-para-los-bolivianos","status":"publish","type":"post","link":"https:\/\/www.turistamagazine.com\/v2\/?p=11596","title":{"rendered":"MAGALI SILVA: PER\u00da BUSCA SER EL PRINCIPAL DESTINO DE VIAJE PARA LOS BOLIVIANOS"},"content":{"rendered":"<p style=\"text-align: justify;\">Lima, mar. 22. La ministra de Comercio Exterior y Turismo (Mincetur) inform\u00f3 que el 24 y el 26 de marzo se desarrollar\u00e1 por primera vez en las ciudades bolivianas de La Paz y Santa Cruz, respectivamente, una rueda de negocios con la participaci\u00f3n de importantes empresas tur\u00edsticas peruanas.<\/p>\n<p style=\"text-align: justify;\">\u201cBolivia ha demostrado en los \u00faltimos dos a\u00f1os ser un mercado muy interesante, una consecuencia natural de un crecimiento econ\u00f3mico sostenido. Por ello, en el 2012 se abri\u00f3 una Oficina Econ\u00f3mica Comercial del Per\u00fa (OCEX) y se iniciaron campa\u00f1as promocionales para fortalecer el posicionamiento de la oferta tur\u00edstica peruana como la preferida por los turistas bolivianos\u201d, se\u00f1al\u00f3.<\/p>\n<p style=\"text-align: justify;\">Refiri\u00f3 que Promper\u00fa ha trabajado la cadena comercial y el consumidor final en cuanto acciones de publicidad, activaciones en centros comerciales, participaci\u00f3n en ferias de turismo, entre otras acciones.<\/p>\n<p style=\"text-align: justify;\">\u201cLa estrategia produjo m\u00e1s de 17 millones de impactos, e inmediatamente se lanz\u00f3 la plataforma web \u00bfY t\u00fa qu\u00e9 planes? para el p\u00fablico boliviano. En ella se promocionaron 33 ofertas de paquetes de viajes de los destinos de Lima, Ica, Arequipa, Piura y Tumbes\u00bb, indic\u00f3.<\/p>\n<p style=\"text-align: justify;\">Dijo que el plan de promoci\u00f3n 2015 para el vecino pa\u00eds del sur tiene previsto desarrollar acciones de publicidad y viajes de prensa.<\/p>\n<p style=\"text-align: justify;\">\u00abPretendemos que el consumidor final conozca la amplia gama de productos y experiencias que pueda realizar en nuestro pa\u00eds. De esa manera se impulsar\u00e1 el crecimiento sostenido del flujo de visitantes bolivianos hacia nuestro pa\u00eds\u00bb, anot\u00f3.<\/p>\n<p style=\"text-align: justify;\">F\/Andina<\/p>\n","protected":false},"excerpt":{"rendered":"<p>Lima, mar. 22. La ministra de Comercio Exterior y Turismo (Mincetur) inform\u00f3 que el 24 y el 26 de marzo se desarrollar\u00e1 por primera vez en las ciudades bolivianas de La Paz y Santa Cruz, respectivamente, una rueda de negocios con la participaci\u00f3n de importantes empresas tur\u00edsticas peruanas. \u201cBolivia ha demostrado en los \u00faltimos dos a\u00f1os ser un mercado muy interesante, una consecuencia natural de un crecimiento econ\u00f3mico sostenido. Por ello, en el 2012 se abri\u00f3 una Oficina Econ\u00f3mica Comercial del Per\u00fa (OCEX) y se iniciaron campa\u00f1as promocionales para fortalecer el posicionamiento de la oferta tur\u00edstica peruana como la preferida&#8230;<\/p>\n","protected":false},"author":1,"featured_media":0,"comment_status":"open","ping_status":"open","sticky":false,"template":"","format":"standard","meta":{"footnotes":""},"categories":[4,82],"tags":[1169,2106,340,349],"class_list":["post-11596","post","type-post","status-publish","format-standard","hentry","category-breaking-news","category-nacionales","tag-bolivia","tag-camara-boliviana-de-turismo","tag-peru","tag-promperu"],"_links":{"self":[{"href":"https:\/\/www.turistamagazine.com\/v2\/index.php?rest_route=\/wp\/v2\/posts\/11596","targetHints":{"allow":["GET"]}}],"collection":[{"href":"https:\/\/www.turistamagazine.com\/v2\/index.php?rest_route=\/wp\/v2\/posts"}],"about":[{"href":"https:\/\/www.turistamagazine.com\/v2\/index.php?rest_route=\/wp\/v2\/types\/post"}],"author":[{"embeddable":true,"href":"https:\/\/www.turistamagazine.com\/v2\/index.php?rest_route=\/wp\/v2\/users\/1"}],"replies":[{"embeddable":true,"href":"https:\/\/www.turistamagazine.com\/v2\/index.php?rest_route=%2Fwp%2Fv2%2Fcomments&post=11596"}],"version-history":[{"count":4,"href":"https:\/\/www.turistamagazine.com\/v2\/index.php?rest_route=\/wp\/v2\/posts\/11596\/revisions"}],"predecessor-version":[{"id":11600,"href":"https:\/\/www.turistamagazine.com\/v2\/index.php?rest_route=\/wp\/v2\/posts\/11596\/revisions\/11600"}],"wp:attachment":[{"href":"https:\/\/www.turistamagazine.com\/v2\/index.php?rest_route=%2Fwp%2Fv2%2Fmedia&parent=11596"}],"wp:term":[{"taxonomy":"category","embeddable":true,"href":"https:\/\/www.turistamagazine.com\/v2\/index.php?rest_route=%2Fwp%2Fv2%2Fcategories&post=11596"},{"taxonomy":"post_tag","embeddable":true,"href":"https:\/\/www.turistamagazine.com\/v2\/index.php?rest_route=%2Fwp%2Fv2%2Ftags&post=11596"}],"curies":[{"name":"wp","href":"https:\/\/api.w.org\/{rel}","templated":true}]}}