{"id":11592,"date":"2015-03-21T19:48:38","date_gmt":"2015-03-22T00:48:38","guid":{"rendered":"http:\/\/www.turistamagazine.com\/v2\/?p=11592"},"modified":"2015-03-21T19:48:38","modified_gmt":"2015-03-22T00:48:38","slug":"francia-miles-de-curiosos-disfrutaron-la-marea-del-siglo","status":"publish","type":"post","link":"https:\/\/www.turistamagazine.com\/v2\/?p=11592","title":{"rendered":"FRANCIA: MILES DE CURIOSOS DISFRUTARON LA \u00abMAREA DEL SIGLO\u00bb"},"content":{"rendered":"<p style=\"text-align: justify;\">21 de Marzo del 2015 &#8211; 16:31 | Monte Saint-Michel -Decenas de miles de curiosos acudieron al Monte Saint-Michel el s\u00e1bado por la noche, o a Saint-Malo en la ma\u00f1ana, atra\u00eddos por la marea \u00abdel siglo\u00bb. M\u00e1s de 30.000 personas invadieron el sitio durante la \u00abmarea del siglo\u00bb que a las 20H07 lleg\u00f3 a un coeficiente r\u00e9cord de 119 sobre una escala de 120.<\/p>\n<p style=\"text-align: justify;\">El puente pasarela que conduce del continente a la Maravilla clasificada como patrimonio mundial de la UNESCO estaba lleno de gente, cuando en el Monte mismo, una densa muchedumbre contemplaba el espect\u00e1culo de la marea alta.<\/p>\n<p style=\"text-align: justify;\">Debido a que el punto m\u00e1ximo de la marea coincidi\u00f3 con la noche, se reforz\u00f3 la iluminaci\u00f3n habitual de la abad\u00eda y los contrafuertes con 60 proyectores colocados a lo largo de la pasarela, que iluminaban las aguas con rayos m\u00f3viles. Esta marea, que se produce en realidad cada 18 a\u00f1os, ya hab\u00eda reunido a unas 10.000 personas la noche del viernes en el Monte Saint-Michel, donde la amplitud de la marea (diferencia m\u00e1xima entre la bajamar y la pleamar) era de 14 metros, m\u00e1s que un edificio de cuatro pisos.<\/p>\n<p style=\"text-align: justify;\">Estas fuertes mareas se producen cuando se conjugan perfectamente varios factores astron\u00f3micos: alineamiento de los astros, distancias orbitales m\u00e1s cortas. Las mareas son el resultado de la atracci\u00f3n ejercida por la Luna y el Sol sobre mares y oc\u00e9anos.<\/p>\n<p style=\"text-align: justify;\">La \u00faltima \u00abmarea del siglo\u00bb se produjo el 10 de marzo de 1997 y la pr\u00f3xima ser\u00e1 el 3 de marzo de 2033. La de este s\u00e1bado ser\u00e1 por el momento la marea m\u00e1s fuerte del siglo XXI.<\/p>\n<p style=\"text-align: justify;\">Esta gran marea es el resultado de la atracci\u00f3n ejercida por la Luna y el Sol sobre mares y oc\u00e9anos. El mar se retira para volver con mucha fuerza.<\/p>\n<p>&nbsp;<\/p>\n<p>F\/ AFP web@grupoepensa.pe |<\/p>\n","protected":false},"excerpt":{"rendered":"<p>21 de Marzo del 2015 &#8211; 16:31 | Monte Saint-Michel -Decenas de miles de curiosos acudieron al Monte Saint-Michel el s\u00e1bado por la noche, o a Saint-Malo en la ma\u00f1ana, atra\u00eddos por la marea \u00abdel siglo\u00bb. M\u00e1s de 30.000 personas invadieron el sitio durante la \u00abmarea del siglo\u00bb que a las 20H07 lleg\u00f3 a un coeficiente r\u00e9cord de 119 sobre una escala de 120. El puente pasarela que conduce del continente a la Maravilla clasificada como patrimonio mundial de la UNESCO estaba lleno de gente, cuando en el Monte mismo, una densa muchedumbre contemplaba el espect\u00e1culo de la marea alta&#8230;.<\/p>\n","protected":false},"author":1,"featured_media":0,"comment_status":"open","ping_status":"open","sticky":false,"template":"","format":"standard","meta":{"footnotes":""},"categories":[4,84],"tags":[471,4045,4044],"class_list":["post-11592","post","type-post","status-publish","format-standard","hentry","category-breaking-news","category-internacionales","tag-francia","tag-la-marea-del-siglo","tag-monte-saint-michel"],"_links":{"self":[{"href":"https:\/\/www.turistamagazine.com\/v2\/index.php?rest_route=\/wp\/v2\/posts\/11592","targetHints":{"allow":["GET"]}}],"collection":[{"href":"https:\/\/www.turistamagazine.com\/v2\/index.php?rest_route=\/wp\/v2\/posts"}],"about":[{"href":"https:\/\/www.turistamagazine.com\/v2\/index.php?rest_route=\/wp\/v2\/types\/post"}],"author":[{"embeddable":true,"href":"https:\/\/www.turistamagazine.com\/v2\/index.php?rest_route=\/wp\/v2\/users\/1"}],"replies":[{"embeddable":true,"href":"https:\/\/www.turistamagazine.com\/v2\/index.php?rest_route=%2Fwp%2Fv2%2Fcomments&post=11592"}],"version-history":[{"count":2,"href":"https:\/\/www.turistamagazine.com\/v2\/index.php?rest_route=\/wp\/v2\/posts\/11592\/revisions"}],"predecessor-version":[{"id":11595,"href":"https:\/\/www.turistamagazine.com\/v2\/index.php?rest_route=\/wp\/v2\/posts\/11592\/revisions\/11595"}],"wp:attachment":[{"href":"https:\/\/www.turistamagazine.com\/v2\/index.php?rest_route=%2Fwp%2Fv2%2Fmedia&parent=11592"}],"wp:term":[{"taxonomy":"category","embeddable":true,"href":"https:\/\/www.turistamagazine.com\/v2\/index.php?rest_route=%2Fwp%2Fv2%2Fcategories&post=11592"},{"taxonomy":"post_tag","embeddable":true,"href":"https:\/\/www.turistamagazine.com\/v2\/index.php?rest_route=%2Fwp%2Fv2%2Ftags&post=11592"}],"curies":[{"name":"wp","href":"https:\/\/api.w.org\/{rel}","templated":true}]}}