{"id":11572,"date":"2015-03-19T09:21:08","date_gmt":"2015-03-19T14:21:08","guid":{"rendered":"http:\/\/www.turistamagazine.com\/v2\/?p=11572"},"modified":"2015-03-19T09:21:22","modified_gmt":"2015-03-19T14:21:22","slug":"que-calor-en-lima","status":"publish","type":"post","link":"https:\/\/www.turistamagazine.com\/v2\/?p=11572","title":{"rendered":"\u00a1QUE  CALOR EN LIMA!"},"content":{"rendered":"<p style=\"text-align: justify;\"><strong><span style=\"color: #000080;\">FRAN-CA-MENTE-<\/span><\/strong>. El incremento de las temperaturas normales en la costa peruana no necesariamente influenciar\u00e1 en un aumento significativo de la radiaci\u00f3n ultravioleta, ya que est\u00e1 condicionado a otros par\u00e1metros, afirm\u00f3 el especialista del Senamhi, Orlando Ccora. \u00abSe prev\u00e9 un incremento de 3 grados celsius sobre el valor normal de las temperaturas, pero en el caso de radiaci\u00f3n UV sus niveles se incrementar\u00edan solo un punto m\u00e1s de los actuales registros, aunque los \u00edndices siguen siendo muy altos y hasta\u00a0 extremos\u00bb.-<\/p>\n<p style=\"text-align: justify;\">Bueno eso es lo que dice SENAMI\u2026pero como nunca le \u00a0<strong><em><span style=\"color: #000080;\">\u201cachuntan\u201d<\/span><\/em><\/strong> los lime\u00f1os estamos soportando temperaturas a las que no estamos acostumbrados, y realmente es un suplicio salir a realizar cualquier gesti\u00f3n despu\u00e9s de las 10:00 a.m. sobre todo los pobres usuario como nosotros que tenemos que hacer uso del servicio p\u00fablico como millones de lime\u00f1os\u2026 <strong><em><span style=\"color: #000080;\">\u201cNo, ya no ya\u201d<\/span><\/em><\/strong>\u2026 expresi\u00f3n c\u00f3mica muy popular\u2026<\/p>\n<p style=\"text-align: justify;\"><span style=\"color: #000080;\"><strong><em>No s\u00f3lo tenemos que soportar el calor sino la falta de uso de agua y jab\u00f3n, desodorante \u00bfQu\u00e9 es eso?&#8230;<\/em><\/strong><\/span>\u00a0 No, francamente el gobierno deber\u00eda empezar una campa\u00f1a as\u00ed como fue, <strong><em><span style=\"color: #000080;\">\u201cla de lavarse las mano<\/span><\/em><\/strong>s\u201d, <span style=\"color: #000080;\"><strong><em>y ense\u00f1arle al pueblo que el cuerpo no son s\u00f3lo las manos\u2026 y regalar jab\u00f3n y desodorante\u2026 Buena oportunidad para los pol\u00edticos que empiezan campa\u00f1a y son capaces de regalar hasta su alma para que voten por ellos\u2026<\/em><\/strong><\/span><\/p>\n<p style=\"text-align: justify;\">Pero con mucha delicadeza haci\u00e9ndoles ver lo necesario que es utilizarlo para la salud\u2026 ya que a nadie le gusta que le hagan ver sus debilidades\u2026 <span style=\"color: #000080;\"><em><strong>Please \u00a0as\u00ed como regalan hasta cuartos de pollo\u2026 hagan un favor a la comunidad y regalen jab\u00f3n y desodorante ahora que inician campa\u00f1as pol\u00edticas\u2026 <\/strong><\/em><strong>FRAN-CA-MENTE<\/strong><em><strong>\u2026<\/strong><\/em><\/span><\/p>\n","protected":false},"excerpt":{"rendered":"<p>FRAN-CA-MENTE-. El incremento de las temperaturas normales en la costa peruana no necesariamente influenciar\u00e1 en un aumento significativo de la radiaci\u00f3n ultravioleta, ya que est\u00e1 condicionado a otros par\u00e1metros, afirm\u00f3 el especialista del Senamhi, Orlando Ccora. \u00abSe prev\u00e9 un incremento de 3 grados celsius sobre el valor normal de las temperaturas, pero en el caso de radiaci\u00f3n UV sus niveles se incrementar\u00edan solo un punto m\u00e1s de los actuales registros, aunque los \u00edndices siguen siendo muy altos y hasta\u00a0 extremos\u00bb.- Bueno eso es lo que dice SENAMI\u2026pero como nunca le \u00a0\u201cachuntan\u201d los lime\u00f1os estamos soportando temperaturas a las que no&#8230;<\/p>\n","protected":false},"author":1,"featured_media":0,"comment_status":"open","ping_status":"open","sticky":false,"template":"","format":"standard","meta":{"footnotes":""},"categories":[346],"tags":[],"class_list":["post-11572","post","type-post","status-publish","format-standard","hentry","category-francamente"],"_links":{"self":[{"href":"https:\/\/www.turistamagazine.com\/v2\/index.php?rest_route=\/wp\/v2\/posts\/11572","targetHints":{"allow":["GET"]}}],"collection":[{"href":"https:\/\/www.turistamagazine.com\/v2\/index.php?rest_route=\/wp\/v2\/posts"}],"about":[{"href":"https:\/\/www.turistamagazine.com\/v2\/index.php?rest_route=\/wp\/v2\/types\/post"}],"author":[{"embeddable":true,"href":"https:\/\/www.turistamagazine.com\/v2\/index.php?rest_route=\/wp\/v2\/users\/1"}],"replies":[{"embeddable":true,"href":"https:\/\/www.turistamagazine.com\/v2\/index.php?rest_route=%2Fwp%2Fv2%2Fcomments&post=11572"}],"version-history":[{"count":3,"href":"https:\/\/www.turistamagazine.com\/v2\/index.php?rest_route=\/wp\/v2\/posts\/11572\/revisions"}],"predecessor-version":[{"id":11575,"href":"https:\/\/www.turistamagazine.com\/v2\/index.php?rest_route=\/wp\/v2\/posts\/11572\/revisions\/11575"}],"wp:attachment":[{"href":"https:\/\/www.turistamagazine.com\/v2\/index.php?rest_route=%2Fwp%2Fv2%2Fmedia&parent=11572"}],"wp:term":[{"taxonomy":"category","embeddable":true,"href":"https:\/\/www.turistamagazine.com\/v2\/index.php?rest_route=%2Fwp%2Fv2%2Fcategories&post=11572"},{"taxonomy":"post_tag","embeddable":true,"href":"https:\/\/www.turistamagazine.com\/v2\/index.php?rest_route=%2Fwp%2Fv2%2Ftags&post=11572"}],"curies":[{"name":"wp","href":"https:\/\/api.w.org\/{rel}","templated":true}]}}