{"id":11551,"date":"2015-03-19T07:33:10","date_gmt":"2015-03-19T12:33:10","guid":{"rendered":"http:\/\/www.turistamagazine.com\/v2\/?p=11551"},"modified":"2015-03-19T07:33:10","modified_gmt":"2015-03-19T12:33:10","slug":"el-ataque-terrorista-en-tunez-se-salda-con-17-turistas-muertos","status":"publish","type":"post","link":"https:\/\/www.turistamagazine.com\/v2\/?p=11551","title":{"rendered":"EL ATAQUE TERRORISTA EN T\u00daNEZ SE SALDA CON 17 TURISTAS MUERTOS"},"content":{"rendered":"<p style=\"text-align: justify;\">19 MARZO, 2015.-Al menos 19 personas han muerto si se suman los dos terroristas fallecidos, entre ellas 17 turistas, en el atentado terrorista cometido este mi\u00e9rcoles contra el complejo en el que se encuentran el Parlamento tunecino y el Museo del Bardo, en T\u00fanez, y que se ha saldado con la muerte de al menos dos terroristas, seg\u00fan ha informado el primer ministro tunecino, Habid Essid. Ha confirmado tambi\u00e9n que entre los fallecidos figuran ciudadanos de nacionalidad espa\u00f1ola, as\u00ed como polaca, italiana y alemana. De esta forma, la cifra de v\u00edctimas supera ampliamente el primer informe que hablaba de la muerte de ocho turistas.<\/p>\n<p style=\"text-align: justify;\">Habid Essid ha confirmado que entre los 17 turistas que han perdido la vida en el atentado terrorista de este mi\u00e9rcoles figuran v\u00edctimas de nacionalidad espa\u00f1ola, as\u00ed como polaca, italiana y alemana.<\/p>\n<p style=\"text-align: justify;\">Por otra parte, Espa\u00f1a busca otros dos turistas espa\u00f1oles ilocalizables en T\u00fanez. El ministro de Asuntos Exteriores y Cooperaci\u00f3n, Jos\u00e9 Manuel Garc\u00eda-Margallo, ha confirmado este mi\u00e9rcoles que hay dos ciudadanos espa\u00f1oles fallecidos en el atentado de T\u00fanez y, en principio, ning\u00fan herido de esta nacionalidad, aunque no descarta que puedan ser m\u00e1s las v\u00edctimas. Al parecer, los fallecidos viajaban en uno de los dos cruceros que se encontraban por la zona, de Costa Cruceros y MSC Cruceros, en los que iban un total de 90 espa\u00f1oles.<\/p>\n<p style=\"text-align: justify;\">As\u00ed lo ha indicado en Valencia, con datos de las 19.30 horas, donde ha atendido a los medios de comunicaci\u00f3n en una comparecencia, junto al delegado del Gobierno en la Comunitat, Seraf\u00edn Castellano, en la que ha destacado que existe \u00abuna enorme confusi\u00f3n de datos\u00bb y \u00abenorme dificultad de precisar qu\u00e9 es lo que ha pasado\u00bb.<\/p>\n<p style=\"text-align: justify;\">El ministro, que ya ha contactado con las familias de las v\u00edctimas, ha expresado \u00aben los t\u00e9rminos m\u00e1s en\u00e9rgicos\u00bb la condena al ataque terrorista, as\u00ed como \u00abel horror e indignaci\u00f3n, no s\u00f3lo del Gobierno sino de todo el pueblo espa\u00f1ol, por la sinraz\u00f3n de esta nueva demostraci\u00f3n de la barbarie terrorista\u00bb. (\u2026)<\/p>\n<p style=\"text-align: justify;\">Las Autoridades de Seguridad locales han tomado medidas excepcionales en los alrededores del puerto para garantizar la seguridad del barco, sus pasajeros y la tripulaci\u00f3n.<\/p>\n<p style=\"text-align: justify;\">El primer ministro tunecino ha condenado el \u00abcobarde atentado\u00bb, en una declaraci\u00f3n a la naci\u00f3n, y ha prometido que el Gobierno trabajar\u00e1 \u00absin descanso\u00bb contra el terrorismo.<\/p>\n<p style=\"text-align: justify;\">El Gobierno de T\u00fanez convoc\u00f3 una c\u00e9lula de crisis encargada del seguimiento del ataque perpetrado contra el Museo Bardo, que est\u00e1 presidida por el primer ministro tunecino, seg\u00fan ha explicado en un comunicado el Ejecutivo.<\/p>\n<p style=\"text-align: justify;\">Por su parte, un portavoz de la Presidencia de T\u00fanez, Moez Sinaoui, ha informado en la radio local Mosa\u00efque que el jefe del Estado, B\u00e9ji Ca\u00efd Essebsi, est\u00e1 siguiendo los acontecimientos y que tiene previsto dirigir un discurso a la naci\u00f3n en las pr\u00f3ximas horas.<\/p>\n<p style=\"text-align: justify;\">Por otro lado, el Ministerio espa\u00f1ol de Asuntos Exteriores y de Cooperaci\u00f3n ha activado el protocolo de emergencias consulares.<\/p>\n<p style=\"text-align: justify;\">T\u00fanez, que acaba de finalizar un proceso de transici\u00f3n a la democracia, con la celebraci\u00f3n de las primeras elecciones libres hace tres meses, sufri\u00f3 otro grave atentando en 2002, cuando 19 personas -entre ellas11 turistas alemanes- fueron asesinadas por una explosi\u00f3n en una sinagoga en la isla de Djerba, en un atentado que fue reivindicado por Al-Queda.<\/p>\n<p style=\"text-align: justify;\">T\u00fanez comparte frontera con Libia, pa\u00eds donde ha aumentado la inestabilidad y los conflictos armados. Adem\u00e1s, un importante n\u00famero de tunecinos han estado luchando en Siria e Irak en las filas del Estado Isl\u00e1mico.<\/p>\n<p>F\/Hosteltur<\/p>\n","protected":false},"excerpt":{"rendered":"<p>19 MARZO, 2015.-Al menos 19 personas han muerto si se suman los dos terroristas fallecidos, entre ellas 17 turistas, en el atentado terrorista cometido este mi\u00e9rcoles contra el complejo en el que se encuentran el Parlamento tunecino y el Museo del Bardo, en T\u00fanez, y que se ha saldado con la muerte de al menos dos terroristas, seg\u00fan ha informado el primer ministro tunecino, Habid Essid. Ha confirmado tambi\u00e9n que entre los fallecidos figuran ciudadanos de nacionalidad espa\u00f1ola, as\u00ed como polaca, italiana y alemana. De esta forma, la cifra de v\u00edctimas supera ampliamente el primer informe que hablaba de la&#8230;<\/p>\n","protected":false},"author":1,"featured_media":0,"comment_status":"open","ping_status":"open","sticky":false,"template":"","format":"standard","meta":{"footnotes":""},"categories":[4,84],"tags":[4034],"class_list":["post-11551","post","type-post","status-publish","format-standard","hentry","category-breaking-news","category-internacionales","tag-ataque-terrorista-en-tunez"],"_links":{"self":[{"href":"https:\/\/www.turistamagazine.com\/v2\/index.php?rest_route=\/wp\/v2\/posts\/11551","targetHints":{"allow":["GET"]}}],"collection":[{"href":"https:\/\/www.turistamagazine.com\/v2\/index.php?rest_route=\/wp\/v2\/posts"}],"about":[{"href":"https:\/\/www.turistamagazine.com\/v2\/index.php?rest_route=\/wp\/v2\/types\/post"}],"author":[{"embeddable":true,"href":"https:\/\/www.turistamagazine.com\/v2\/index.php?rest_route=\/wp\/v2\/users\/1"}],"replies":[{"embeddable":true,"href":"https:\/\/www.turistamagazine.com\/v2\/index.php?rest_route=%2Fwp%2Fv2%2Fcomments&post=11551"}],"version-history":[{"count":2,"href":"https:\/\/www.turistamagazine.com\/v2\/index.php?rest_route=\/wp\/v2\/posts\/11551\/revisions"}],"predecessor-version":[{"id":11558,"href":"https:\/\/www.turistamagazine.com\/v2\/index.php?rest_route=\/wp\/v2\/posts\/11551\/revisions\/11558"}],"wp:attachment":[{"href":"https:\/\/www.turistamagazine.com\/v2\/index.php?rest_route=%2Fwp%2Fv2%2Fmedia&parent=11551"}],"wp:term":[{"taxonomy":"category","embeddable":true,"href":"https:\/\/www.turistamagazine.com\/v2\/index.php?rest_route=%2Fwp%2Fv2%2Fcategories&post=11551"},{"taxonomy":"post_tag","embeddable":true,"href":"https:\/\/www.turistamagazine.com\/v2\/index.php?rest_route=%2Fwp%2Fv2%2Ftags&post=11551"}],"curies":[{"name":"wp","href":"https:\/\/api.w.org\/{rel}","templated":true}]}}