{"id":11444,"date":"2015-03-12T07:32:50","date_gmt":"2015-03-12T12:32:50","guid":{"rendered":"http:\/\/www.turistamagazine.com\/v2\/?p=11444"},"modified":"2015-03-12T07:33:48","modified_gmt":"2015-03-12T12:33:48","slug":"cusco-seria-proxima-sede-de-la-cumbre-de-la-alianza-del-pacifico","status":"publish","type":"post","link":"https:\/\/www.turistamagazine.com\/v2\/?p=11444","title":{"rendered":"CUSCO SER\u00cdA PR\u00d3XIMA SEDE DE LA CUMBRE DE LA ALIANZA DEL PAC\u00cdFICO"},"content":{"rendered":"<p style=\"text-align: justify;\">\u00a0Lima, mar. 12. La Cumbre Presidencial de la Alianza del Pac\u00edfico, prevista del 1 al 3 de julio pr\u00f3ximo, podr\u00eda realizarse en el Cusco, con la participaci\u00f3n de los mandatarios de Colombia Chile, M\u00e9xico y Per\u00fa, inform\u00f3 una fuente legislativa.<\/p>\n<p style=\"text-align: justify;\">La Comisi\u00f3n Especial de Seguimiento Parlamentario al Acuerdo de la Alianza del Pac\u00edfico, que preside el congresista Omar Chehade (NGP), inform\u00f3 que se realizan las coordinaciones para llevar a cabo la importante cita en la ciudad cusque\u00f1a de Urubamba.<\/p>\n<p style=\"text-align: justify;\">Dichas coordinaciones tambi\u00e9n se vienen realizando con la Presidencia de la\u00a0 Rep\u00fablica\u00a0 y el Ministerio de Comercio Exterior\u00a0 y Turismo.<\/p>\n<p style=\"text-align: justify;\">Seg\u00fan una nota de prensa, esas entidades est\u00e1n dispuestas a promocionar, cooperar y coordinar con este evento en cuanto\u00a0 a las invitaciones.<\/p>\n<p style=\"text-align: justify;\">Los congresistas Luis Galarreta (PPC \u2013APP) y Luz Salgado (FP), manifestaron que la comisi\u00f3n especial en s\u00ed es de \u201cseguimiento\u201d e impulso de ideas concretas de acuerdo a sus competencias y que cualquier medida se debe adoptar por el grupo parlamentario que tiene un car\u00e1cter multipartidario.<\/p>\n<p style=\"text-align: justify;\">Tras el debate respectivo, el legislador Chehade manifest\u00f3 que recoger\u00e1\u00a0 los aportes recibidos por los congresistas en relaci\u00f3n al nuevo Plan de Trabajo que ser\u00e1 aprobado en la pr\u00f3xima reuni\u00f3n.<\/p>\n","protected":false},"excerpt":{"rendered":"<p>\u00a0Lima, mar. 12. La Cumbre Presidencial de la Alianza del Pac\u00edfico, prevista del 1 al 3 de julio pr\u00f3ximo, podr\u00eda realizarse en el Cusco, con la participaci\u00f3n de los mandatarios de Colombia Chile, M\u00e9xico y Per\u00fa, inform\u00f3 una fuente legislativa. La Comisi\u00f3n Especial de Seguimiento Parlamentario al Acuerdo de la Alianza del Pac\u00edfico, que preside el congresista Omar Chehade (NGP), inform\u00f3 que se realizan las coordinaciones para llevar a cabo la importante cita en la ciudad cusque\u00f1a de Urubamba. Dichas coordinaciones tambi\u00e9n se vienen realizando con la Presidencia de la\u00a0 Rep\u00fablica\u00a0 y el Ministerio de Comercio Exterior\u00a0 y Turismo. Seg\u00fan&#8230;<\/p>\n","protected":false},"author":1,"featured_media":0,"comment_status":"open","ping_status":"open","sticky":false,"template":"","format":"standard","meta":{"footnotes":""},"categories":[4,82],"tags":[137],"class_list":["post-11444","post","type-post","status-publish","format-standard","hentry","category-breaking-news","category-nacionales","tag-noticias-cusco"],"_links":{"self":[{"href":"https:\/\/www.turistamagazine.com\/v2\/index.php?rest_route=\/wp\/v2\/posts\/11444","targetHints":{"allow":["GET"]}}],"collection":[{"href":"https:\/\/www.turistamagazine.com\/v2\/index.php?rest_route=\/wp\/v2\/posts"}],"about":[{"href":"https:\/\/www.turistamagazine.com\/v2\/index.php?rest_route=\/wp\/v2\/types\/post"}],"author":[{"embeddable":true,"href":"https:\/\/www.turistamagazine.com\/v2\/index.php?rest_route=\/wp\/v2\/users\/1"}],"replies":[{"embeddable":true,"href":"https:\/\/www.turistamagazine.com\/v2\/index.php?rest_route=%2Fwp%2Fv2%2Fcomments&post=11444"}],"version-history":[{"count":3,"href":"https:\/\/www.turistamagazine.com\/v2\/index.php?rest_route=\/wp\/v2\/posts\/11444\/revisions"}],"predecessor-version":[{"id":11447,"href":"https:\/\/www.turistamagazine.com\/v2\/index.php?rest_route=\/wp\/v2\/posts\/11444\/revisions\/11447"}],"wp:attachment":[{"href":"https:\/\/www.turistamagazine.com\/v2\/index.php?rest_route=%2Fwp%2Fv2%2Fmedia&parent=11444"}],"wp:term":[{"taxonomy":"category","embeddable":true,"href":"https:\/\/www.turistamagazine.com\/v2\/index.php?rest_route=%2Fwp%2Fv2%2Fcategories&post=11444"},{"taxonomy":"post_tag","embeddable":true,"href":"https:\/\/www.turistamagazine.com\/v2\/index.php?rest_route=%2Fwp%2Fv2%2Ftags&post=11444"}],"curies":[{"name":"wp","href":"https:\/\/api.w.org\/{rel}","templated":true}]}}