{"id":11419,"date":"2015-03-12T07:00:52","date_gmt":"2015-03-12T12:00:52","guid":{"rendered":"http:\/\/www.turistamagazine.com\/v2\/?p=11419"},"modified":"2015-03-12T07:00:52","modified_gmt":"2015-03-12T12:00:52","slug":"peru-anuncia-acciones-legales-contra-greenpeace-por-danos-en-lineas-de-nazca","status":"publish","type":"post","link":"https:\/\/www.turistamagazine.com\/v2\/?p=11419","title":{"rendered":"PER\u00da ANUNCIA ACCIONES LEGALES CONTRA GREENPEACE POR DA\u00d1OS EN L\u00cdNEAS DE NAZCA"},"content":{"rendered":"<p style=\"text-align: justify;\">12 MARZO, 2015.-El gobierno peruano iniciar\u00e1 acciones legales contra la organizaci\u00f3n ambientalista Greenpeace por los da\u00f1os causados en la zona arqueol\u00f3gica de las l\u00edneas de Nazca durante una acci\u00f3n del grupo ecologista, anunci\u00f3 este martes la ministra de Cultura, Diana \u00c1lvarez-Calder\u00f3n. Tras presentar en Arequipa el programa de actividades en homenaje al bicentenario de la muerte del poeta Mariano Melgar, la ministra declar\u00f3 a medios locales que su ministerio contrat\u00f3 un estudio internacional de abogados para elaborar una estrategia a seguir contra Greenpeace.<\/p>\n<p style=\"text-align: justify;\">\u00abEl patrimonio peruano es enorme y tenemos la ley para protegerlo. Queremos que se cumpla y, si alguien lo afecta, que responda por ello\u00bb, dijo \u00c1lvarez-Calder\u00f3n.<\/p>\n<p style=\"text-align: justify;\">La Corte Suprema de Justicia de peruana declar\u00f3 procedente el pasado 26 de febrero la solicitud de extradici\u00f3n del activista argentino Mauro Fern\u00e1ndez, uno de los presuntos participantes de la acci\u00f3n de Greenpeace que da\u00f1\u00f3 el geoglifo del Colibr\u00ed el 8 de diciembre.<\/p>\n<p style=\"text-align: justify;\">\u00a0Fern\u00e1ndez tiene una orden de prisi\u00f3n preventiva del Primer Juzgado de Investigaci\u00f3n Preparatoria de Nazca, al sur de Lima, por la presunta comisi\u00f3n del delito de atentado contra el patrimonio, en la modalidad de atentado contra monumentos arqueol\u00f3gicos.<\/p>\n<p style=\"text-align: justify;\">La ministra \u00c1lvarez-Calder\u00f3n confi\u00f3 en que este proceso de extradici\u00f3n no se alargue en el tiempo e indic\u00f3 que ahora el Poder Judicial argentino debe comprobar \u00absi calzan las penas\u00bb entre los c\u00f3digos y ordenamientos penales de ambos pa\u00edses.<\/p>\n<p style=\"text-align: justify;\">La acci\u00f3n de Greenpeace consisti\u00f3 en la incursi\u00f3n de un grupo de activistas a la zona intangible de las l\u00edneas de Nazca para desplegar una pancarta al costado del geoglifo del Colibr\u00ed, dirigida a los l\u00edderes pol\u00edticos reunidos en Lima durante la vig\u00e9sima cumbre mundial de las Naciones Unidas sobre el cambio clim\u00e1tico (COP20).<\/p>\n<p style=\"text-align: justify;\">Adem\u00e1s de Mauro Fern\u00e1ndez, tambi\u00e9n fueron denunciados el colombiano Herbert Augusto Villarraga Salgado y el argentino Rodrigo Miguel Abd, fot\u00f3grafo de The Associated Press, agencia de noticias que alega que su trabajador se encontraba en una cobertura period\u00edstica cuando ingres\u00f3 a las l\u00edneas de Nazca.<\/p>\n<p style=\"text-align: justify;\">La semana pasada, tanto la Asociaci\u00f3n de Prensa Extranjera en el Per\u00fa (APEP) como el Instituto Prensa y Sociedad (IPYS) publicaron sendos comunicados en los que expresaron su malestar por incluir a Abd en el proceso contra Greenpeace. El prestigioso fotoperiodista argentino es ganador del World Press Photo y del Pulitzer.<\/p>\n<div id=\"attachment_11423\" style=\"width: 310px\" class=\"wp-caption aligncenter\"><a href=\"https:\/\/www.turistamagazine.com\/v2\/wp-content\/uploads\/2015\/03\/Per\u00fa-anuncia-acciones-legales-contra-Greenpeace-por-da\u00f1os-en-l\u00edneas-de-Nazca.jpg\"><img decoding=\"async\" aria-describedby=\"caption-attachment-11423\" class=\"size-medium wp-image-11423\" title=\"Una de las fotos por las que fue denunciado Rodrigo Abd, fot\u00f3grafo argentino de la agencia AP.\" src=\"https:\/\/www.turistamagazine.com\/v2\/wp-content\/uploads\/2015\/03\/Per\u00fa-anuncia-acciones-legales-contra-Greenpeace-por-da\u00f1os-en-l\u00edneas-de-Nazca-300x200.jpg\" alt=\"\" width=\"300\" height=\"200\" \/><\/a><p id=\"caption-attachment-11423\" class=\"wp-caption-text\">Una de las fotos por las que fue denunciado Rodrigo Abd, fot\u00f3grafo argentino de la agencia AP.<\/p><\/div>\n<p style=\"text-align: justify;\">\u201cGreenpeace nos invit\u00f3 a la acci\u00f3n que programaron en las l\u00edneas de Nazca en el marco de COP-20. Yo soy periodista y fui a cubrir esa acci\u00f3n para mi agencia, la AP. Yo creo que los funcionarios del Ministerio de Cultura nunca supieron que hab\u00eda dos periodistas que estaban haciendo su trabajo (tambi\u00e9n estaba un camar\u00f3grafo de Reuters), y as\u00ed fue que todo el proceso legal sigui\u00f3 su curso. Ademas, nosotros tampoco aclaramos de entrada esto, y creo que eso complic\u00f3 las cosas\u201d, explic\u00f3 Abd al portal El Faro.<\/p>\n<p>&nbsp;<\/p>\n","protected":false},"excerpt":{"rendered":"<p>12 MARZO, 2015.-El gobierno peruano iniciar\u00e1 acciones legales contra la organizaci\u00f3n ambientalista Greenpeace por los da\u00f1os causados en la zona arqueol\u00f3gica de las l\u00edneas de Nazca durante una acci\u00f3n del grupo ecologista, anunci\u00f3 este martes la ministra de Cultura, Diana \u00c1lvarez-Calder\u00f3n. Tras presentar en Arequipa el programa de actividades en homenaje al bicentenario de la muerte del poeta Mariano Melgar, la ministra declar\u00f3 a medios locales que su ministerio contrat\u00f3 un estudio internacional de abogados para elaborar una estrategia a seguir contra Greenpeace. \u00abEl patrimonio peruano es enorme y tenemos la ley para protegerlo. Queremos que se cumpla y, si&#8230;<\/p>\n","protected":false},"author":1,"featured_media":0,"comment_status":"open","ping_status":"open","sticky":false,"template":"","format":"standard","meta":{"footnotes":""},"categories":[4,82],"tags":[2573,321,1406,340,117],"class_list":["post-11419","post","type-post","status-publish","format-standard","hentry","category-breaking-news","category-nacionales","tag-greenpeace","tag-lima","tag-lineas-de-nazca","tag-peru","tag-promocion-turistica"],"_links":{"self":[{"href":"https:\/\/www.turistamagazine.com\/v2\/index.php?rest_route=\/wp\/v2\/posts\/11419","targetHints":{"allow":["GET"]}}],"collection":[{"href":"https:\/\/www.turistamagazine.com\/v2\/index.php?rest_route=\/wp\/v2\/posts"}],"about":[{"href":"https:\/\/www.turistamagazine.com\/v2\/index.php?rest_route=\/wp\/v2\/types\/post"}],"author":[{"embeddable":true,"href":"https:\/\/www.turistamagazine.com\/v2\/index.php?rest_route=\/wp\/v2\/users\/1"}],"replies":[{"embeddable":true,"href":"https:\/\/www.turistamagazine.com\/v2\/index.php?rest_route=%2Fwp%2Fv2%2Fcomments&post=11419"}],"version-history":[{"count":2,"href":"https:\/\/www.turistamagazine.com\/v2\/index.php?rest_route=\/wp\/v2\/posts\/11419\/revisions"}],"predecessor-version":[{"id":11428,"href":"https:\/\/www.turistamagazine.com\/v2\/index.php?rest_route=\/wp\/v2\/posts\/11419\/revisions\/11428"}],"wp:attachment":[{"href":"https:\/\/www.turistamagazine.com\/v2\/index.php?rest_route=%2Fwp%2Fv2%2Fmedia&parent=11419"}],"wp:term":[{"taxonomy":"category","embeddable":true,"href":"https:\/\/www.turistamagazine.com\/v2\/index.php?rest_route=%2Fwp%2Fv2%2Fcategories&post=11419"},{"taxonomy":"post_tag","embeddable":true,"href":"https:\/\/www.turistamagazine.com\/v2\/index.php?rest_route=%2Fwp%2Fv2%2Ftags&post=11419"}],"curies":[{"name":"wp","href":"https:\/\/api.w.org\/{rel}","templated":true}]}}