{"id":11404,"date":"2015-03-11T20:10:45","date_gmt":"2015-03-12T01:10:45","guid":{"rendered":"http:\/\/www.turistamagazine.com\/v2\/?p=11404"},"modified":"2015-03-11T20:10:45","modified_gmt":"2015-03-12T01:10:45","slug":"educacion-civica","status":"publish","type":"post","link":"https:\/\/www.turistamagazine.com\/v2\/?p=11404","title":{"rendered":"\u201cEDUCACION CIVICA\u201d"},"content":{"rendered":"<p style=\"text-align: justify;\">\n<p style=\"text-align: justify;\"><span style=\"color: #000080;\"><strong>FRANCAMENTE.-<\/strong><\/span> Nuestra poblaci\u00f3n necesita urgente cursos de educaci\u00f3n c\u00edvica, necesita aprender a valorar los servicios de los cuales hace uso\u2026 Entre muchos nos referiremos al usuario del tren el\u00e9ctrico.<\/p>\n<p style=\"text-align: justify;\">Lo que observamos esta semana que hicimos uso del tren, nadie respeta nada, los vagones est\u00e1n en muy buen estado tienen hasta aire acondicionado, pero los usuarios no saben que cuando se utiliza aire acondicionado no se deben abrir las ventanas, pero los vagones viajan con las ventanas abiertas, y no hay una persona que por lo menos indique al usuario estas necesidad\u2026\u00a0 Como al inicio que por el altoparlante indicaban las estaciones y ped\u00edan a la gente que ceda el asiento a los mayores, que no se paren junto\u00a0 la puerta, y que los botones de abrir y cerrar las puertas son autom\u00e1ticos que todo tiene un tiempo programado.<\/p>\n<p style=\"text-align: justify;\">No, en cuanto para el tren, nadie espera que bajen los pasajeros para subir es un atropello total, supuestamente los ascensores son para que los util\u00edcenlas persona mayores, <span style=\"color: #000080;\"><strong><em>pero que va chico\u2026 Los \u201cj\u00f3venes\u201d son capaces de tirar por el piso a una viejita, con tal de ganarle el sitio en el ascensor\u2026 Si se\u00f1or\u2026 as\u00ed mismito es\u2026<\/em><\/strong><\/span><\/p>\n<p style=\"text-align: justify;\">Es indudable, que\u00a0 los trenes son escasos para la gran demanda de una mega capital como es Lima\u2026 Pero mientras \u00a0los modernizan y compran m\u00e1s por lo menos hay que iniciar una nueva campa\u00f1a de educaci\u00f3n de la responsabilidad que tenemos todos de cuidar las unidades que nos prestan servicio que no es gratis y todo lo pagamos de nuestros bolsillos&#8230;<span style=\"color: #000080;\"><strong><em> Por favor a cuidar lo que es nuestro\u2026 El Per\u00fa no es solo gastronom\u00eda y Machu Picchu\u2026 El Per\u00fa es todo y somos todos\u2026 Desgraciadamente la carne siempre viene \u00a0con hueso y no nos queda otra que \u00a0concientizar y nada m\u00e1s que concientizar\u2026<\/em> FRAN-CA-MENTE\u2026<\/strong><\/span><\/p>\n","protected":false},"excerpt":{"rendered":"<p>FRANCAMENTE.- Nuestra poblaci\u00f3n necesita urgente cursos de educaci\u00f3n c\u00edvica, necesita aprender a valorar los servicios de los cuales hace uso\u2026 Entre muchos nos referiremos al usuario del tren el\u00e9ctrico. Lo que observamos esta semana que hicimos uso del tren, nadie respeta nada, los vagones est\u00e1n en muy buen estado tienen hasta aire acondicionado, pero los usuarios no saben que cuando se utiliza aire acondicionado no se deben abrir las ventanas, pero los vagones viajan con las ventanas abiertas, y no hay una persona que por lo menos indique al usuario estas necesidad\u2026\u00a0 Como al inicio que por el altoparlante indicaban&#8230;<\/p>\n","protected":false},"author":1,"featured_media":0,"comment_status":"open","ping_status":"open","sticky":false,"template":"","format":"standard","meta":{"footnotes":""},"categories":[346],"tags":[],"class_list":["post-11404","post","type-post","status-publish","format-standard","hentry","category-francamente"],"_links":{"self":[{"href":"https:\/\/www.turistamagazine.com\/v2\/index.php?rest_route=\/wp\/v2\/posts\/11404","targetHints":{"allow":["GET"]}}],"collection":[{"href":"https:\/\/www.turistamagazine.com\/v2\/index.php?rest_route=\/wp\/v2\/posts"}],"about":[{"href":"https:\/\/www.turistamagazine.com\/v2\/index.php?rest_route=\/wp\/v2\/types\/post"}],"author":[{"embeddable":true,"href":"https:\/\/www.turistamagazine.com\/v2\/index.php?rest_route=\/wp\/v2\/users\/1"}],"replies":[{"embeddable":true,"href":"https:\/\/www.turistamagazine.com\/v2\/index.php?rest_route=%2Fwp%2Fv2%2Fcomments&post=11404"}],"version-history":[{"count":1,"href":"https:\/\/www.turistamagazine.com\/v2\/index.php?rest_route=\/wp\/v2\/posts\/11404\/revisions"}],"predecessor-version":[{"id":11405,"href":"https:\/\/www.turistamagazine.com\/v2\/index.php?rest_route=\/wp\/v2\/posts\/11404\/revisions\/11405"}],"wp:attachment":[{"href":"https:\/\/www.turistamagazine.com\/v2\/index.php?rest_route=%2Fwp%2Fv2%2Fmedia&parent=11404"}],"wp:term":[{"taxonomy":"category","embeddable":true,"href":"https:\/\/www.turistamagazine.com\/v2\/index.php?rest_route=%2Fwp%2Fv2%2Fcategories&post=11404"},{"taxonomy":"post_tag","embeddable":true,"href":"https:\/\/www.turistamagazine.com\/v2\/index.php?rest_route=%2Fwp%2Fv2%2Ftags&post=11404"}],"curies":[{"name":"wp","href":"https:\/\/api.w.org\/{rel}","templated":true}]}}