{"id":1121,"date":"2014-02-01T07:58:06","date_gmt":"2014-02-01T12:58:06","guid":{"rendered":"http:\/\/www.turistamagazine.com\/v2\/?p=1121"},"modified":"2014-02-01T07:58:06","modified_gmt":"2014-02-01T12:58:06","slug":"peru-mincetur-y-promperu-promocionan-carnavales-en-diferentes-regiones-del-pais","status":"publish","type":"post","link":"https:\/\/www.turistamagazine.com\/v2\/?p=1121","title":{"rendered":"PERU; MINCETUR Y PROMPER\u00da PROMOCIONAN CARNAVALES EN DIFERENTES REGIONES DEL PA\u00cdS"},"content":{"rendered":"<p style=\"text-align: justify;\">El colorido y desborde de alegr\u00eda y m\u00fasica que se vive en los pueblos de las diversas regiones del pa\u00eds en esta \u00e9poca del a\u00f1o por la fiesta de los carnavales est\u00e1 ahora al alcance de todos con la campa\u00f1a que han puesto en marcha Mincetur y Promper\u00fa. El Ministerio de Comercio Exterior y Turismo (Mincetur) y la Comisi\u00f3n de Promoci\u00f3n del Per\u00fa para la Exportaci\u00f3n y el Turismo (Promper\u00fa) han gestionado de manera conjunta con el sector privado diversas ofertas de viaje con descuentos de hasta el 50 por ciento hacia las todas las regiones del pa\u00eds.<\/p>\n<p style=\"text-align: justify;\">\u00a0En este sentido, el viceministro de Turismo, Jose Miguel Gamarra, resalt\u00f3 que estas fiestas son \u00fanicas en cada regi\u00f3n, haciendo de esta temporada una buena oportunidad para viajar y conocer las tradiciones de nuestro pa\u00eds.<\/p>\n<p style=\"text-align: justify;\">Tambi\u00e9n se\u00f1al\u00f3 que Mincetur y Promper\u00fa contin\u00faan trabajando de la mano del sector privado para el desarrollo y la diversificaci\u00f3n de la oferta tur\u00edstica nacional, lo que permite dinamizar las econom\u00edas regionales. Exhort\u00f3 a los interesados a optar por servicios de empresas formales, lo que les permitir\u00e1 disfrutar a plenitud de su viaje.<\/p>\n<p style=\"text-align: justify;\">\u00abLa campa\u00f1a apunta a seguir construyendo una cultura de viaje entre los peruanos. El turismo interno ha crecido alrededor del 5 por ciento y nos gustar\u00eda mantener esa tendencia durante este a\u00f1o\u00bb, dijo.<\/p>\n<p style=\"text-align: justify;\">\u00a0Asimismo, resalt\u00f3 que las ofertas de viaje se encuentran en la plataforma www.ytuqueplanes.com en la cual se hallar\u00e1 paquetes promocionales que van desde 160 nuevos soles, e incluyen alojamiento, traslados internos y recorridos tur\u00edsticos incre\u00edbles.<\/p>\n","protected":false},"excerpt":{"rendered":"<p>El colorido y desborde de alegr\u00eda y m\u00fasica que se vive en los pueblos de las diversas regiones del pa\u00eds en esta \u00e9poca del a\u00f1o por la fiesta de los carnavales est\u00e1 ahora al alcance de todos con la campa\u00f1a que han puesto en marcha Mincetur y Promper\u00fa. El Ministerio de Comercio Exterior y Turismo (Mincetur) y la Comisi\u00f3n de Promoci\u00f3n del Per\u00fa para la Exportaci\u00f3n y el Turismo (Promper\u00fa) han gestionado de manera conjunta con el sector privado diversas ofertas de viaje con descuentos de hasta el 50 por ciento hacia las todas las regiones del pa\u00eds. \u00a0En este&#8230;<\/p>\n","protected":false},"author":1,"featured_media":0,"comment_status":"open","ping_status":"open","sticky":false,"template":"","format":"standard","meta":{"footnotes":""},"categories":[4,82],"tags":[348,350,117,349],"class_list":["post-1121","post","type-post","status-publish","format-standard","hentry","category-breaking-news","category-nacionales","tag-carnavales","tag-mincetur","tag-promocion-turistica","tag-promperu"],"_links":{"self":[{"href":"https:\/\/www.turistamagazine.com\/v2\/index.php?rest_route=\/wp\/v2\/posts\/1121","targetHints":{"allow":["GET"]}}],"collection":[{"href":"https:\/\/www.turistamagazine.com\/v2\/index.php?rest_route=\/wp\/v2\/posts"}],"about":[{"href":"https:\/\/www.turistamagazine.com\/v2\/index.php?rest_route=\/wp\/v2\/types\/post"}],"author":[{"embeddable":true,"href":"https:\/\/www.turistamagazine.com\/v2\/index.php?rest_route=\/wp\/v2\/users\/1"}],"replies":[{"embeddable":true,"href":"https:\/\/www.turistamagazine.com\/v2\/index.php?rest_route=%2Fwp%2Fv2%2Fcomments&post=1121"}],"version-history":[{"count":3,"href":"https:\/\/www.turistamagazine.com\/v2\/index.php?rest_route=\/wp\/v2\/posts\/1121\/revisions"}],"predecessor-version":[{"id":1125,"href":"https:\/\/www.turistamagazine.com\/v2\/index.php?rest_route=\/wp\/v2\/posts\/1121\/revisions\/1125"}],"wp:attachment":[{"href":"https:\/\/www.turistamagazine.com\/v2\/index.php?rest_route=%2Fwp%2Fv2%2Fmedia&parent=1121"}],"wp:term":[{"taxonomy":"category","embeddable":true,"href":"https:\/\/www.turistamagazine.com\/v2\/index.php?rest_route=%2Fwp%2Fv2%2Fcategories&post=1121"},{"taxonomy":"post_tag","embeddable":true,"href":"https:\/\/www.turistamagazine.com\/v2\/index.php?rest_route=%2Fwp%2Fv2%2Ftags&post=1121"}],"curies":[{"name":"wp","href":"https:\/\/api.w.org\/{rel}","templated":true}]}}