{"id":11026,"date":"2015-02-26T09:33:49","date_gmt":"2015-02-26T14:33:49","guid":{"rendered":"http:\/\/www.turistamagazine.com\/v2\/?p=11026"},"modified":"2015-02-26T09:33:49","modified_gmt":"2015-02-26T14:33:49","slug":"y-la-visa-schengen-para-peruanos","status":"publish","type":"post","link":"https:\/\/www.turistamagazine.com\/v2\/?p=11026","title":{"rendered":"\u00bfY LA VISA SCHENGEN PARA PERUANOS?"},"content":{"rendered":"<p style=\"text-align: justify;\" align=\"center\">\n<p style=\"text-align: justify;\"><span style=\"color: #000080;\"><strong>FRAN- CA- MENTE.-<\/strong><\/span> Con gran satisfacci\u00f3n \u00a0los\u00a0 peruanos recibieron la noticia de \u00a0la eliminaci\u00f3n\u00a0 de la llamada visa Schengen, visado que \u00a0hasta hoy nos piden en Europa para visitar sin restricciones las naciones que forman parte de la valga la redundancia, zona Schengen.<\/p>\n<p style=\"text-align: justify;\">El pleno del Parlamento Europeo (PE) aprob\u00f3 por amplia mayor\u00eda la exenci\u00f3n de visados para cortas estancias de hasta tres meses en territorio de la Uni\u00f3n Europea (UE) para los ciudadanos procedentes de Per\u00fa. Con esta decisi\u00f3n, los \u00a0peruanos podr\u00edan \u00a0ingresar a los 26 integrantes de este conglomerado sin tramitar la visa. \u00a0La Euroc\u00e1mara aprob\u00f3 ampliar su lista de terceros pa\u00edses con exenci\u00f3n de visado en la misma votaci\u00f3n tambi\u00e9n para \u00a0Colombia, Dominica, Emiratos \u00c1rabes Unidos, Granada, Kiribati, las Islas Marshall, Micronesia, Nauru, Palau, las Islas Salom\u00f3n, Samoa, San Vicente y las Granadinas, Santa Luc\u00eda, Timor Oriental, Tonga, Trinidad y Tobago, Tuvalu y Vanuatu.<\/p>\n<p style=\"text-align: justify;\">El voto en pleno ha llegado despu\u00e9s de que a mediados de febrero los eurodiputados de la comisi\u00f3n de Libertades Civiles del PE ya dieran su luz verde a esa posibilidad. Con anterioridad, los embajadores de los veintiocho pa\u00edses \u00a0ya respaldaron iniciar el proceso para que los ciudadanos de ambos pa\u00edses latinoamericanos (Colombia y Per\u00fa) puedan viajar con m\u00e1s facilidad a territorio comunitario por periodos de hasta tres meses. Los ciudadanos de Costa Rica, El Salvador, Guatemala, Honduras, Nicaragua y Panam\u00e1 ya pueden visitar como turistas los pa\u00edses Schengen hasta por 90 d\u00edas sin visado, mientras que para las estad\u00edas que excedan 3 meses siempre se les exige un permiso de residencia y\/o trabajo. La resoluci\u00f3n consigui\u00f3 523 votos a favor y 41 en contra.<\/p>\n<p style=\"text-align: justify;\">Este FRA-CA-MENTE fue publicado en nuestro <span style=\"color: #333399;\"><strong><em>Portal el 27 de febrero del 2014<\/em><\/strong>\u2026<\/span> Nos preguntamos a un a\u00f1o de esta emocionante noticias para millones de peruanos\u2026 <strong><span style=\"color: #333399;\"><em>\u00bfQu\u00e9 Pas\u00f3?&#8230; \u00bfQu\u00e9 pis\u00f3?&#8230; ya que hasta este momento todav\u00eda no contamos ni con el pasaporte biom\u00e9trico que es indispensable para poder utilizar esta visa\u2026 a Ponerse las pilas porque si no, nos levant\u00e1remos en \u00a0huelga y tomaremos las calles\u00a0 que es la moda aqu\u00ed en el Per\u00fa para ser tomados en cuenta\u2026 \u00a1Qu\u00e9 desilusi\u00f3n! \u2026<\/em>FRANCA- MENTE\u2026<\/span><em><\/em><\/strong><\/p>\n","protected":false},"excerpt":{"rendered":"<p>FRAN- CA- MENTE.- Con gran satisfacci\u00f3n \u00a0los\u00a0 peruanos recibieron la noticia de \u00a0la eliminaci\u00f3n\u00a0 de la llamada visa Schengen, visado que \u00a0hasta hoy nos piden en Europa para visitar sin restricciones las naciones que forman parte de la valga la redundancia, zona Schengen. El pleno del Parlamento Europeo (PE) aprob\u00f3 por amplia mayor\u00eda la exenci\u00f3n de visados para cortas estancias de hasta tres meses en territorio de la Uni\u00f3n Europea (UE) para los ciudadanos procedentes de Per\u00fa. Con esta decisi\u00f3n, los \u00a0peruanos podr\u00edan \u00a0ingresar a los 26 integrantes de este conglomerado sin tramitar la visa. \u00a0La Euroc\u00e1mara aprob\u00f3 ampliar su&#8230;<\/p>\n","protected":false},"author":1,"featured_media":0,"comment_status":"open","ping_status":"open","sticky":false,"template":"","format":"standard","meta":{"footnotes":""},"categories":[346],"tags":[],"class_list":["post-11026","post","type-post","status-publish","format-standard","hentry","category-francamente"],"_links":{"self":[{"href":"https:\/\/www.turistamagazine.com\/v2\/index.php?rest_route=\/wp\/v2\/posts\/11026","targetHints":{"allow":["GET"]}}],"collection":[{"href":"https:\/\/www.turistamagazine.com\/v2\/index.php?rest_route=\/wp\/v2\/posts"}],"about":[{"href":"https:\/\/www.turistamagazine.com\/v2\/index.php?rest_route=\/wp\/v2\/types\/post"}],"author":[{"embeddable":true,"href":"https:\/\/www.turistamagazine.com\/v2\/index.php?rest_route=\/wp\/v2\/users\/1"}],"replies":[{"embeddable":true,"href":"https:\/\/www.turistamagazine.com\/v2\/index.php?rest_route=%2Fwp%2Fv2%2Fcomments&post=11026"}],"version-history":[{"count":2,"href":"https:\/\/www.turistamagazine.com\/v2\/index.php?rest_route=\/wp\/v2\/posts\/11026\/revisions"}],"predecessor-version":[{"id":11028,"href":"https:\/\/www.turistamagazine.com\/v2\/index.php?rest_route=\/wp\/v2\/posts\/11026\/revisions\/11028"}],"wp:attachment":[{"href":"https:\/\/www.turistamagazine.com\/v2\/index.php?rest_route=%2Fwp%2Fv2%2Fmedia&parent=11026"}],"wp:term":[{"taxonomy":"category","embeddable":true,"href":"https:\/\/www.turistamagazine.com\/v2\/index.php?rest_route=%2Fwp%2Fv2%2Fcategories&post=11026"},{"taxonomy":"post_tag","embeddable":true,"href":"https:\/\/www.turistamagazine.com\/v2\/index.php?rest_route=%2Fwp%2Fv2%2Ftags&post=11026"}],"curies":[{"name":"wp","href":"https:\/\/api.w.org\/{rel}","templated":true}]}}