{"id":10792,"date":"2015-02-19T08:52:32","date_gmt":"2015-02-19T13:52:32","guid":{"rendered":"http:\/\/www.turistamagazine.com\/v2\/?p=10792"},"modified":"2015-02-19T08:52:32","modified_gmt":"2015-02-19T13:52:32","slug":"aerolineas-de-latinoamerica-transportaron-casi-180-millones-de-pasajeros-en-2014","status":"publish","type":"post","link":"https:\/\/www.turistamagazine.com\/v2\/?p=10792","title":{"rendered":"AEROL\u00cdNEAS DE LATINOAM\u00c9RICA TRANSPORTARON CASI 180 MILLONES DE PASAJEROS EN 2014"},"content":{"rendered":"<p style=\"text-align: justify;\">19 FEBRERO, 2015 &#8211; El a\u00f1o pasado las aerol\u00edneas que integran la Asociaci\u00f3n Latinoamericana y del Caribe de Transporte A\u00e9reo (ALTA) transportaron 179,7 millones de pasajeros, casi 9,5 millones m\u00e1s que en 2013 y si se compara con las cifras del 2009 el incremento fue de 50 millones, confirm\u00f3 Eduardo Iglesias, Director Ejecutivo de ALTA.<\/p>\n<p style=\"text-align: justify;\">Adem\u00e1s de aumentar un 5,6% la cantidad de pasajeros transportados en 2014, tambi\u00e9n se registr\u00f3 un aumento del 5,8% en el tr\u00e1fico y del 3,2% en la capacidad, \u201celevando el factor de ocupaci\u00f3n al 79,5%, 2 puntos porcentuales m\u00e1s que en 2013\u201d.<\/p>\n<p style=\"text-align: justify;\">De los 179,7 millones de pasajeros, intra Latam fueron 155.041.932 mostrando un crecimiento del 5,1% comparado con 2013 y extra Latam 15.151.450 (+10,6%). En t\u00e9rminos globales, las aerol\u00edneas cerraron el a\u00f1o con un 5,9% m\u00e1s de pasajeros, de acuerdo a los \u00faltimos datos de IATA.<\/p>\n<p style=\"text-align: justify;\">Eduardo Iglesias destac\u00f3 que \u201ca pesar de que 2014 fue un a\u00f1o complejo, las l\u00edneas a\u00e9reas de la regi\u00f3n mostraron un desempe\u00f1o s\u00f3lido\u201d, lo cual queda demostrado porque \u201ctransportaron 50 millones de pasajeros m\u00e1s que hace cinco a\u00f1os y 9,5 millones adicionales m\u00e1s comparado con el 2013\u201d.<\/p>\n<p style=\"text-align: justify;\">Hay que recordar que en 2009 se transportaron 130 millones de pasajeros y un a\u00f1o despu\u00e9s fueron 144 millones. El mayor crecimiento de un a\u00f1o a otro se vivi\u00f3 en 2012 cuando se increment\u00f3 un 7,1%, pasando de 150 a 160 millones de personas transportadas.<\/p>\n<p style=\"text-align: justify;\">M\u00e1s all\u00e1 del crecimiento, el Director Ejecutivo de ALTA remarc\u00f3 la necesidad de \u201cponer atenci\u00f3n a la infraestructura aeroportuaria, la administraci\u00f3n del espacio a\u00e9reo y a la facilitaci\u00f3n en t\u00e9rminos de seguridad, procesos migratorios y aduanales para que la experiencia de nuestros clientes sea mejorada\u201d, puesto que \u201cla aviaci\u00f3n es un importante motor de desarrollo econ\u00f3mico\u00bb.<\/p>\n<p style=\"text-align: justify;\">\u00daltimo mes del a\u00f1o<\/p>\n<p style=\"text-align: justify;\">En cuanto al mes de diciembre, las aerol\u00edneas transportaron 16,5 millones de pasajeros (+5,4%) y el tr\u00e1fico se increment\u00f3 un 5,2%, mientras que la capacidad subi\u00f3 4,6% y el factor de ocupaci\u00f3n alcanz\u00f3 el 79,5%.<\/p>\n<p style=\"text-align: justify;\">La carga, se redujo un 0,8% en el 2014 y un 4% en el mes de diciembre.<\/p>\n<p>\/hosteltur\/. Imagen Shutterstock<\/p>\n","protected":false},"excerpt":{"rendered":"<p>19 FEBRERO, 2015 &#8211; El a\u00f1o pasado las aerol\u00edneas que integran la Asociaci\u00f3n Latinoamericana y del Caribe de Transporte A\u00e9reo (ALTA) transportaron 179,7 millones de pasajeros, casi 9,5 millones m\u00e1s que en 2013 y si se compara con las cifras del 2009 el incremento fue de 50 millones, confirm\u00f3 Eduardo Iglesias, Director Ejecutivo de ALTA. Adem\u00e1s de aumentar un 5,6% la cantidad de pasajeros transportados en 2014, tambi\u00e9n se registr\u00f3 un aumento del 5,8% en el tr\u00e1fico y del 3,2% en la capacidad, \u201celevando el factor de ocupaci\u00f3n al 79,5%, 2 puntos porcentuales m\u00e1s que en 2013\u201d. De los 179,7&#8230;<\/p>\n","protected":false},"author":1,"featured_media":0,"comment_status":"open","ping_status":"open","sticky":false,"template":"","format":"standard","meta":{"footnotes":""},"categories":[4,84],"tags":[3866,3864,3865],"class_list":["post-10792","post","type-post","status-publish","format-standard","hentry","category-breaking-news","category-internacionales","tag-aerolineas-de-latinoamerica","tag-alta","tag-eduardo-iglesias"],"_links":{"self":[{"href":"https:\/\/www.turistamagazine.com\/v2\/index.php?rest_route=\/wp\/v2\/posts\/10792","targetHints":{"allow":["GET"]}}],"collection":[{"href":"https:\/\/www.turistamagazine.com\/v2\/index.php?rest_route=\/wp\/v2\/posts"}],"about":[{"href":"https:\/\/www.turistamagazine.com\/v2\/index.php?rest_route=\/wp\/v2\/types\/post"}],"author":[{"embeddable":true,"href":"https:\/\/www.turistamagazine.com\/v2\/index.php?rest_route=\/wp\/v2\/users\/1"}],"replies":[{"embeddable":true,"href":"https:\/\/www.turistamagazine.com\/v2\/index.php?rest_route=%2Fwp%2Fv2%2Fcomments&post=10792"}],"version-history":[{"count":1,"href":"https:\/\/www.turistamagazine.com\/v2\/index.php?rest_route=\/wp\/v2\/posts\/10792\/revisions"}],"predecessor-version":[{"id":10794,"href":"https:\/\/www.turistamagazine.com\/v2\/index.php?rest_route=\/wp\/v2\/posts\/10792\/revisions\/10794"}],"wp:attachment":[{"href":"https:\/\/www.turistamagazine.com\/v2\/index.php?rest_route=%2Fwp%2Fv2%2Fmedia&parent=10792"}],"wp:term":[{"taxonomy":"category","embeddable":true,"href":"https:\/\/www.turistamagazine.com\/v2\/index.php?rest_route=%2Fwp%2Fv2%2Fcategories&post=10792"},{"taxonomy":"post_tag","embeddable":true,"href":"https:\/\/www.turistamagazine.com\/v2\/index.php?rest_route=%2Fwp%2Fv2%2Ftags&post=10792"}],"curies":[{"name":"wp","href":"https:\/\/api.w.org\/{rel}","templated":true}]}}