{"id":10707,"date":"2015-02-18T09:19:38","date_gmt":"2015-02-18T14:19:38","guid":{"rendered":"http:\/\/www.turistamagazine.com\/v2\/?p=10707"},"modified":"2015-02-18T09:19:38","modified_gmt":"2015-02-18T14:19:38","slug":"mincetur-no-descarta-desafio-inca-para-este-ano","status":"publish","type":"post","link":"https:\/\/www.turistamagazine.com\/v2\/?p=10707","title":{"rendered":"MINCETUR NO DESCARTA DESAF\u00cdO INCA PARA ESTE A\u00d1O"},"content":{"rendered":"<p style=\"text-align: justify;\">Mincetur no descart\u00f3 el Desaf\u00edo Inca y negociar\u00e1 en los pr\u00f3ximos d\u00edas, pero asegur\u00f3 que velar\u00e1 por patrimonio arqueol\u00f3gico<\/p>\n<p style=\"text-align: justify;\">La esperanza de los \u2018dakarianos\u2019 a\u00fan no est\u00e1 perdida. Pese a que la Amaury Sport Organization (ASO) anunci\u00f3 que el Dakar Series se har\u00e1 en Argentina y Paraguay, el Ministerio de Comercio Exterior y Turismo (Mincetur) comunic\u00f3 ayer a Deporte Total que \u201cno est\u00e1 descartada la realizaci\u00f3n del Dakar Series en el Per\u00fa\u201d.<\/p>\n<p style=\"text-align: justify;\">El Desaf\u00edo Inca, la fecha del Dakar Series en nuestro pa\u00eds, no fue incluido en el anuncio que hizo la ASO el \u00faltimo viernes; sin embargo, el Mincetur asegura que van a negociar en los pr\u00f3ximos d\u00edas y que su postura estar\u00e1 basada, sobre todo, en la \u201cpreservaci\u00f3n de nuestro patrimonio arqueol\u00f3gico\u201d. El tema es claro. \u201cNo vamos a tomar ninguna determinaci\u00f3n que pudiera ponerlo en riesgo\u201d sostiene el Mincetur.<\/p>\n<p style=\"text-align: justify;\">Por fechas, la realizaci\u00f3n del Desaf\u00edo Inca es posible. En el 2013 se hizo en octubre y el a\u00f1o pasado en setiembre, por lo que no est\u00e1 descartada un tercer Desaf\u00edo Inca en territorio nacional.<\/p>\n<p>&nbsp;<\/p>\n","protected":false},"excerpt":{"rendered":"<p>Mincetur no descart\u00f3 el Desaf\u00edo Inca y negociar\u00e1 en los pr\u00f3ximos d\u00edas, pero asegur\u00f3 que velar\u00e1 por patrimonio arqueol\u00f3gico La esperanza de los \u2018dakarianos\u2019 a\u00fan no est\u00e1 perdida. Pese a que la Amaury Sport Organization (ASO) anunci\u00f3 que el Dakar Series se har\u00e1 en Argentina y Paraguay, el Ministerio de Comercio Exterior y Turismo (Mincetur) comunic\u00f3 ayer a Deporte Total que \u201cno est\u00e1 descartada la realizaci\u00f3n del Dakar Series en el Per\u00fa\u201d. El Desaf\u00edo Inca, la fecha del Dakar Series en nuestro pa\u00eds, no fue incluido en el anuncio que hizo la ASO el \u00faltimo viernes; sin embargo, el Mincetur&#8230;<\/p>\n","protected":false},"author":1,"featured_media":0,"comment_status":"open","ping_status":"open","sticky":false,"template":"","format":"standard","meta":{"footnotes":""},"categories":[4,82],"tags":[868,340],"class_list":["post-10707","post","type-post","status-publish","format-standard","hentry","category-breaking-news","category-nacionales","tag-dakar-2015","tag-peru"],"_links":{"self":[{"href":"https:\/\/www.turistamagazine.com\/v2\/index.php?rest_route=\/wp\/v2\/posts\/10707","targetHints":{"allow":["GET"]}}],"collection":[{"href":"https:\/\/www.turistamagazine.com\/v2\/index.php?rest_route=\/wp\/v2\/posts"}],"about":[{"href":"https:\/\/www.turistamagazine.com\/v2\/index.php?rest_route=\/wp\/v2\/types\/post"}],"author":[{"embeddable":true,"href":"https:\/\/www.turistamagazine.com\/v2\/index.php?rest_route=\/wp\/v2\/users\/1"}],"replies":[{"embeddable":true,"href":"https:\/\/www.turistamagazine.com\/v2\/index.php?rest_route=%2Fwp%2Fv2%2Fcomments&post=10707"}],"version-history":[{"count":2,"href":"https:\/\/www.turistamagazine.com\/v2\/index.php?rest_route=\/wp\/v2\/posts\/10707\/revisions"}],"predecessor-version":[{"id":10756,"href":"https:\/\/www.turistamagazine.com\/v2\/index.php?rest_route=\/wp\/v2\/posts\/10707\/revisions\/10756"}],"wp:attachment":[{"href":"https:\/\/www.turistamagazine.com\/v2\/index.php?rest_route=%2Fwp%2Fv2%2Fmedia&parent=10707"}],"wp:term":[{"taxonomy":"category","embeddable":true,"href":"https:\/\/www.turistamagazine.com\/v2\/index.php?rest_route=%2Fwp%2Fv2%2Fcategories&post=10707"},{"taxonomy":"post_tag","embeddable":true,"href":"https:\/\/www.turistamagazine.com\/v2\/index.php?rest_route=%2Fwp%2Fv2%2Ftags&post=10707"}],"curies":[{"name":"wp","href":"https:\/\/api.w.org\/{rel}","templated":true}]}}