{"id":10689,"date":"2015-02-17T08:39:19","date_gmt":"2015-02-17T13:39:19","guid":{"rendered":"http:\/\/www.turistamagazine.com\/v2\/?p=10689"},"modified":"2015-02-17T08:39:19","modified_gmt":"2015-02-17T13:39:19","slug":"carnaval-en-rio-de-janeiro-envia-mensaje-contra-racismo","status":"publish","type":"post","link":"https:\/\/www.turistamagazine.com\/v2\/?p=10689","title":{"rendered":"CARNAVAL EN R\u00cdO DE JANEIRO ENV\u00cdA MENSAJE CONTRA RACISMO"},"content":{"rendered":"<p style=\"text-align: justify;\">R\u00edo de Janeiro\u2014 La igualdad y la lucha contra el racismo se convirtieron en uno de los temas a resaltar en el ostentoso carnaval de R\u00edo de Janeiro, que el lunes abri\u00f3 su segunda fase de presentaciones.<\/p>\n<p style=\"text-align: justify;\">Algunas escuelas de samba prepararon n\u00fameros de baile en honor a la herencia africana, y una de ellas construy\u00f3 un rostro gigante de Nelson Mandela en una carroza para recordarle a los asistentes acerca de la igualdad racial y manifestarse contra la discriminaci\u00f3n en el pa\u00eds sudamericano, el cual cuenta con el mayor n\u00famero de raza negra despu\u00e9s de Nigeria.<\/p>\n<p style=\"text-align: justify;\">\u00a0El desfile arranc\u00f3 con miles de bailarines y otros participantes que cubr\u00edan los 700 metros de la pista blanca de concreto vestidos con trajes fosforescentes color amarillo y naranja, acompa\u00f1ados por carros aleg\u00f3ricos estilo Halloween de tar\u00e1ntulas y calaveras. Decenas de miles de espectadores llenaron las gradas que ascienden a los lados del majestuoso Samb\u00f3dromo y durante m\u00e1s de una hora entonaron la canci\u00f3n que la banda de la escuela repet\u00eda una y otra vez, llenos de energ\u00eda como si fueran fan\u00e1ticos de f\u00fatbol.<\/p>\n<p style=\"text-align: justify;\">\u00a0Dentro del grupo de las m\u00e1s destacadas, la escuela de samba Imperatriz Leopoldinense desfilaba el lunes por la noche con un tema en el que se inspir\u00f3 tras un episodio en un partido de f\u00fatbol en el que le arrojaron un pl\u00e1tano al jugador brasile\u00f1o Dani Alves, que es negro. Aunque el hecho ocurri\u00f3 en Espa\u00f1a, en Brasil se inici\u00f3 una campa\u00f1a contra el racismo, ya que en otros partidos tambi\u00e9n hab\u00edan ocurrido muchos otros incidentes similares.<\/p>\n<p style=\"text-align: justify;\">\u00a0Editorialistas y acad\u00e9micos se han quejado este a\u00f1o de algunas celebraciones del carnaval donde las personas se maquillan el rostro de negro para personificar a afrobrasile\u00f1os, como una fiesta callejera llamada \u00abSirvientas de Lujo\u00bb, en la que los hombres usan pelucas tipo afro y se visten de empleadas dom\u00e9sticas o de princesas de cuentos de hadas.<\/p>\n<p>&nbsp;<\/p>\n<p>F\/ El diario.mix\/ Associated Press<\/p>\n","protected":false},"excerpt":{"rendered":"<p>R\u00edo de Janeiro\u2014 La igualdad y la lucha contra el racismo se convirtieron en uno de los temas a resaltar en el ostentoso carnaval de R\u00edo de Janeiro, que el lunes abri\u00f3 su segunda fase de presentaciones. Algunas escuelas de samba prepararon n\u00fameros de baile en honor a la herencia africana, y una de ellas construy\u00f3 un rostro gigante de Nelson Mandela en una carroza para recordarle a los asistentes acerca de la igualdad racial y manifestarse contra la discriminaci\u00f3n en el pa\u00eds sudamericano, el cual cuenta con el mayor n\u00famero de raza negra despu\u00e9s de Nigeria. \u00a0El desfile arranc\u00f3&#8230;<\/p>\n","protected":false},"author":1,"featured_media":0,"comment_status":"open","ping_status":"open","sticky":false,"template":"","format":"standard","meta":{"footnotes":""},"categories":[4,82],"tags":[115,348,3845,160],"class_list":["post-10689","post","type-post","status-publish","format-standard","hentry","category-breaking-news","category-nacionales","tag-brasil","tag-carnavales","tag-nelson-mandela","tag-rio-de-janeiro"],"_links":{"self":[{"href":"https:\/\/www.turistamagazine.com\/v2\/index.php?rest_route=\/wp\/v2\/posts\/10689","targetHints":{"allow":["GET"]}}],"collection":[{"href":"https:\/\/www.turistamagazine.com\/v2\/index.php?rest_route=\/wp\/v2\/posts"}],"about":[{"href":"https:\/\/www.turistamagazine.com\/v2\/index.php?rest_route=\/wp\/v2\/types\/post"}],"author":[{"embeddable":true,"href":"https:\/\/www.turistamagazine.com\/v2\/index.php?rest_route=\/wp\/v2\/users\/1"}],"replies":[{"embeddable":true,"href":"https:\/\/www.turistamagazine.com\/v2\/index.php?rest_route=%2Fwp%2Fv2%2Fcomments&post=10689"}],"version-history":[{"count":3,"href":"https:\/\/www.turistamagazine.com\/v2\/index.php?rest_route=\/wp\/v2\/posts\/10689\/revisions"}],"predecessor-version":[{"id":10695,"href":"https:\/\/www.turistamagazine.com\/v2\/index.php?rest_route=\/wp\/v2\/posts\/10689\/revisions\/10695"}],"wp:attachment":[{"href":"https:\/\/www.turistamagazine.com\/v2\/index.php?rest_route=%2Fwp%2Fv2%2Fmedia&parent=10689"}],"wp:term":[{"taxonomy":"category","embeddable":true,"href":"https:\/\/www.turistamagazine.com\/v2\/index.php?rest_route=%2Fwp%2Fv2%2Fcategories&post=10689"},{"taxonomy":"post_tag","embeddable":true,"href":"https:\/\/www.turistamagazine.com\/v2\/index.php?rest_route=%2Fwp%2Fv2%2Ftags&post=10689"}],"curies":[{"name":"wp","href":"https:\/\/api.w.org\/{rel}","templated":true}]}}