{"id":10674,"date":"2015-02-17T07:10:58","date_gmt":"2015-02-17T12:10:58","guid":{"rendered":"http:\/\/www.turistamagazine.com\/v2\/?p=10674"},"modified":"2015-02-24T12:43:51","modified_gmt":"2015-02-24T17:43:51","slug":"la-crisis-de-valores","status":"publish","type":"post","link":"https:\/\/www.turistamagazine.com\/v2\/?p=10674","title":{"rendered":"LA CRISIS DE VALORES"},"content":{"rendered":"<p style=\"text-align: justify;\"><strong><em><span style=\"color: #000080;\">Un hombre sin \u00e9tica<\/span><\/em><\/strong><\/p>\n<p style=\"text-align: justify;\"><strong><em><span style=\"color: #000080;\">es una bestia salvaje soltada en el mundo<\/span><\/em><\/strong><\/p>\n<p style=\"text-align: justify;\"><strong><em><span style=\"color: #000080;\">Albert Camus.<\/span><\/em><\/strong><\/p>\n<p style=\"text-align: justify;\">\u00a0Antonio-Pedro Tejera Reyes<\/p>\n<p style=\"text-align: justify;\"><span style=\"color: #000080;\"><strong><em>El editorial de la revista \u201cTurista Magazine Destinos\u201d, impecablemente construido por su directora, Elena Villar,\u00a0 nos alerta sobre el panorama mundial que estamos observando sobre una imparable crisis de valores, el cual enlazamos con un enjundiosos art\u00edculo que publica hoy (17-02-2015) el diario \u201cLa Provincia\u201d de Las Palmas de Gran Canaria, de la pluma del relevante periodista \u00c1ngel Trist\u00e1n Pimienta.<\/em><\/strong><\/span><\/p>\n<p style=\"text-align: justify;\">En ambas publicaciones est\u00e1 presente el escenario que estamos viviendo en una sociedad que parece estar m\u00e1s corrompida cada d\u00eda que pasa. Por supuesto que no es de recibo el dispendio, la arrogancia y el espect\u00e1culo que nos ofrecen cada d\u00eda, personajes que deber\u00edan predicar con el ejemplo&#8230;<\/p>\n<p style=\"text-align: justify;\">Y es que cuando hablamos de turismo, de empresas tur\u00edsticas, de funcionarios, o de personajes relacionados con este sector, se nos viene a la imagen toda una larga serie de conferencia e intervenciones que tuvimos la suerte de presenciar en el Palacio de Congresos de Torremolinos, hace unos pocos a\u00f1os, bajo el tema <strong><span style=\"color: #000080;\"><em>\u201cEl Turismo Justo\u201d. \u00bfPodemos entender esta meta en un mercado donde la corrupci\u00f3n lo invade por todos lados?<\/em><\/span><\/strong> Indudablemente, no.<\/p>\n<p style=\"text-align: justify;\">Un mundo donde la comprensi\u00f3n, la amabilidad y el trato justo, deben de ser sus principios, no puede tener entre bambalinas la imagen de la corrupci\u00f3n y la descomposici\u00f3n moral. Todo un tratado sobre la \u00e9tica y las buenas costumbres, deber\u00eda ser impuesto a todos los niveles en el conocimiento de los personajes involucrados en el desarrollo tur\u00edstico, que es lo mismo que decir en el desarrollo de la sociedad mundial. Aqu\u00ed no escapa nadie.<\/p>\n<p style=\"text-align: justify;\"><strong><em><span style=\"color: #000080;\">Estamos ante un panorama que necesariamente tenemos que cambiar si queremos caminar hacia el progreso de la humanidad, en lo cual el movimiento tur\u00edstico es un paradigma de especial significado dada la magnitud espectacular con la que avanza en todas las regiones del mundo, por lo que deber\u00eda de servirnos como punto de apoyo de una palanca que inspire la \u00e9tica necesaria para cambiar el escenario en el cual nos movemos actualmente de una forma desordenada, llena de inmensas lagunas de corrupciones en la que no escapan los m\u00e1s importantes personajes de la pol\u00edtica, la empresa, y las representaciones sociales, como en el caso de Espa\u00f1a. Una aut\u00e9ntica verg\u00fcenza que nos sonroja solo en pensarlo.<\/span><\/em><\/strong><\/p>\n<p style=\"text-align: justify;\">El mundo del turismo, con todo su entorno m\u00e1gico donde la buena fe, la comprensi\u00f3n, y la justeza deben imperar, es el modelo sobre el que tenemos que trabajar con honestidad y honradez para conseguir erradicar las malas artes que criticamos y que son hoy en d\u00eda, la preocupaci\u00f3n m\u00e1s importante de la sociedad mundial.<\/p>\n<p style=\"text-align: justify;\">Un turismo justo \u2013 como tiene que ser \u2013 deber\u00e1 de estar basado en una relaciones donde <strong><em><span style=\"color: #000080;\">\u201cla buena fe, como base en los negocios y en las profesiones, el aprecio a toda ocupaci\u00f3n \u00fatil y la dignificaci\u00f3n de la propia en beneficio de la sociedad\u201d<\/span><\/em><\/strong>, como recogen los principios rotarios. Algo que est\u00e1 precisamente en contra de toda manipulaci\u00f3n onerosa que desvirt\u00fae la verdadera esencia de unos valores morales, m\u00e1s que necesarios para conseguir una convivencia ideal en la sociedad mundial.<\/p>\n<p style=\"text-align: justify;\">El desarrollo del turismo debe ser la f\u00f3rmula exacta que se imponga definitivamente de forma pragm\u00e1tica en una buena gesti\u00f3n, seria y trasparente, en la cual participen todos sus actores, desde el empresario hasta el m\u00e1s humilde de sus servidores<\/p>\n<p style=\"text-align: justify;\"><span style=\"color: #000080;\"><strong><em>Precisa y esclarecedora la frase final del editorial de \u201cTurista Magazine Destinos\u201d que nos inspir\u00f3 este comentario, pronunciada por el Rey de Espa\u00f1a, Felipe de Borb\u00f3n: \u201cHoy m\u00e1s que nunca, los ciudadanos demandan con toda raz\u00f3n, que los principios morales y \u00e9ticos, inspiren nuestra vida p\u00fablica\u2026\u201d Eso.<\/em><\/strong><\/span><\/p>\n<p>&nbsp;<\/p>\n<p>*(Del Grupo de Expertos de la Organizaci\u00f3n Mundial del Turismo)<\/p>\n","protected":false},"excerpt":{"rendered":"<p>Un hombre sin \u00e9tica es una bestia salvaje soltada en el mundo Albert Camus. \u00a0Antonio-Pedro Tejera Reyes El editorial de la revista \u201cTurista Magazine Destinos\u201d, impecablemente construido por su directora, Elena Villar,\u00a0 nos alerta sobre el panorama mundial que estamos observando sobre una imparable crisis de valores, el cual enlazamos con un enjundiosos art\u00edculo que publica hoy (17-02-2015) el diario \u201cLa Provincia\u201d de Las Palmas de Gran Canaria, de la pluma del relevante periodista \u00c1ngel Trist\u00e1n Pimienta. En ambas publicaciones est\u00e1 presente el escenario que estamos viviendo en una sociedad que parece estar m\u00e1s corrompida cada d\u00eda que pasa. Por&#8230;<\/p>\n","protected":false},"author":1,"featured_media":0,"comment_status":"open","ping_status":"open","sticky":false,"template":"","format":"standard","meta":{"footnotes":""},"categories":[90],"tags":[3840,3839,284,3838],"class_list":["post-10674","post","type-post","status-publish","format-standard","hentry","category-pensando-en-voz-alta","tag-el-turismo-justo","tag-turista-magazine-destinos","tag-antonio-pedro-tejera-reyes","tag-felipe-de-borbon"],"_links":{"self":[{"href":"https:\/\/www.turistamagazine.com\/v2\/index.php?rest_route=\/wp\/v2\/posts\/10674","targetHints":{"allow":["GET"]}}],"collection":[{"href":"https:\/\/www.turistamagazine.com\/v2\/index.php?rest_route=\/wp\/v2\/posts"}],"about":[{"href":"https:\/\/www.turistamagazine.com\/v2\/index.php?rest_route=\/wp\/v2\/types\/post"}],"author":[{"embeddable":true,"href":"https:\/\/www.turistamagazine.com\/v2\/index.php?rest_route=\/wp\/v2\/users\/1"}],"replies":[{"embeddable":true,"href":"https:\/\/www.turistamagazine.com\/v2\/index.php?rest_route=%2Fwp%2Fv2%2Fcomments&post=10674"}],"version-history":[{"count":4,"href":"https:\/\/www.turistamagazine.com\/v2\/index.php?rest_route=\/wp\/v2\/posts\/10674\/revisions"}],"predecessor-version":[{"id":10677,"href":"https:\/\/www.turistamagazine.com\/v2\/index.php?rest_route=\/wp\/v2\/posts\/10674\/revisions\/10677"}],"wp:attachment":[{"href":"https:\/\/www.turistamagazine.com\/v2\/index.php?rest_route=%2Fwp%2Fv2%2Fmedia&parent=10674"}],"wp:term":[{"taxonomy":"category","embeddable":true,"href":"https:\/\/www.turistamagazine.com\/v2\/index.php?rest_route=%2Fwp%2Fv2%2Fcategories&post=10674"},{"taxonomy":"post_tag","embeddable":true,"href":"https:\/\/www.turistamagazine.com\/v2\/index.php?rest_route=%2Fwp%2Fv2%2Ftags&post=10674"}],"curies":[{"name":"wp","href":"https:\/\/api.w.org\/{rel}","templated":true}]}}