{"id":10650,"date":"2015-02-16T06:38:35","date_gmt":"2015-02-16T11:38:35","guid":{"rendered":"http:\/\/www.turistamagazine.com\/v2\/?p=10650"},"modified":"2015-02-16T06:38:35","modified_gmt":"2015-02-16T11:38:35","slug":"tiroteo-en-desfile-de-carnaval-de-brasil-deja-un-muerto","status":"publish","type":"post","link":"https:\/\/www.turistamagazine.com\/v2\/?p=10650","title":{"rendered":"TIROTEO EN DESFILE DE CARNAVAL DE BRASIL DEJA UN MUERTO"},"content":{"rendered":"<p style=\"text-align: justify;\">R\u00cdO DE JANEIRO, Brasil, feb. 15, 2015.- Una persona muri\u00f3 y al menos diez quedaron heridas cuando dos bandas rivales de narcotraficantes se enfrentaron a tiros en la madrugada de hoy en medio del desfile de una comparsa de carnaval en Paraty, ciudad en el estado brasile\u00f1o de R\u00edo de Janeiro, informaron fuentes oficiales.<\/p>\n<p style=\"text-align: justify;\">\u00a0El intercambio de tiros se produjo cuando cientos de personas bailaban al ritmo de una comparsa en la Plaza de Matriz, en pleno centro hist\u00f3rico de Paraty, una ciudad de casas coloniales y calles empedradas declarada como patrimonio hist\u00f3rico de la humanidad por la Unesco.<\/p>\n<p style=\"text-align: justify;\">\u00a0Entre los heridos, en su gran mayor\u00eda j\u00f3venes de Paraty, estaban tres turistas procedentes de la ciudad de Sao Paulo.<\/p>\n<p style=\"text-align: justify;\">\u00a0Pese a que la mayor\u00eda de los heridos fue atendido y dado r\u00e1pidamente de alta en el Hospital Municipal San Pedro de Alc\u00e1ntara, uno con estado de salud m\u00e1s grave fue conducido a un hospital en la vecina ciudad de Angra dos Reis, en donde termin\u00f3 muriendo v\u00edctima de once balazos.<\/p>\n<p style=\"text-align: justify;\">\u00a0Seg\u00fan el jefe de la comisar\u00eda de Paraty, Bruno Gilaberte, el tiroteo comenz\u00f3 cuando dos integrantes de una pandilla criminal intentaron asesinar a balazos al jefe de una banda de narcotraficantes rival, que termin\u00f3 muriendo con cinco impactos de\u00a0 bala en el t\u00f3rax y otros seis en los brazos y la cabeza.<\/p>\n<p style=\"text-align: justify;\">\u00a0Los acompa\u00f1antes del narcotraficante atacado respondieron con balazos al ataque y provocaron una correr\u00eda en medio del desfile de carnaval de decenas de personas que intentaban alejarse del local del tiroteo.<\/p>\n<p style=\"text-align: justify;\">\u00a0Gilaberte afirm\u00f3 que ninguno de los participantes en el tiroteo hab\u00eda sido arrestado hasta primera hora de este domingo, pero que los dos pistoleros que iniciaron la confusi\u00f3n ya fueron identificados y est\u00e1n siendo buscados.<\/p>\n<p style=\"text-align: justify;\">\u00a0&#8216;Ambos tienen una extensa ficha criminal que incluye homicidio y tr\u00e1fico de drogas&#8217;, afirm\u00f3.<\/p>\n<p style=\"text-align: justify;\">\u00a0Pese a que las autoridades de Paraty admitieron que estudiaban la posibilidad de suspender el resto de las fiestas de carnaval, el gobernador de R\u00edo de Janeiro, Luiz Fernando Pezao, anunci\u00f3 el env\u00edo de refuerzos policiales a esa ciudad para garantizar la seguridad en los desfiles que proseguir\u00e1n hasta el martes.<\/p>\n<p style=\"text-align: justify;\">\u00a0Ello debido a que por lo menos 400.000 personas viajaron a Paraty esta semana para participar en las fiestas de carnaval de este a\u00f1o.<\/p>\n<p style=\"text-align: justify;\">\u00a0El evento m\u00e1s famoso del carnaval de Paraty es el desfile del Bloco da Lama (comparsa del barro), que atrajo en la tarde del s\u00e1bado a cerca de 2.000 personas, en su gran mayor\u00eda totalmente untadas con el lodo negro de los manglares de la playa de Jabaquara. El Bloco da Lama existe desde 1985 y, seg\u00fan sus organizadores, surgi\u00f3 de una broma entre amigos, que usaron el barro del manglar para protegerse de los mosquitos y convirtieron esta gracia en un icono del carnaval.<\/p>\n<p>Noticieros Televisa Fuente: EFE 15. Feb. 2015<\/p>\n<p>&nbsp;<\/p>\n","protected":false},"excerpt":{"rendered":"<p>R\u00cdO DE JANEIRO, Brasil, feb. 15, 2015.- Una persona muri\u00f3 y al menos diez quedaron heridas cuando dos bandas rivales de narcotraficantes se enfrentaron a tiros en la madrugada de hoy en medio del desfile de una comparsa de carnaval en Paraty, ciudad en el estado brasile\u00f1o de R\u00edo de Janeiro, informaron fuentes oficiales. \u00a0El intercambio de tiros se produjo cuando cientos de personas bailaban al ritmo de una comparsa en la Plaza de Matriz, en pleno centro hist\u00f3rico de Paraty, una ciudad de casas coloniales y calles empedradas declarada como patrimonio hist\u00f3rico de la humanidad por la Unesco. \u00a0Entre&#8230;<\/p>\n","protected":false},"author":1,"featured_media":0,"comment_status":"open","ping_status":"open","sticky":false,"template":"","format":"standard","meta":{"footnotes":""},"categories":[4,82],"tags":[115,348,3831,3833,3832],"class_list":["post-10650","post","type-post","status-publish","format-standard","hentry","category-breaking-news","category-nacionales","tag-brasil","tag-carnavales","tag-muertos-y-heridos-en-carnaval","tag-paraty","tag-plaza-de-matri"],"_links":{"self":[{"href":"https:\/\/www.turistamagazine.com\/v2\/index.php?rest_route=\/wp\/v2\/posts\/10650","targetHints":{"allow":["GET"]}}],"collection":[{"href":"https:\/\/www.turistamagazine.com\/v2\/index.php?rest_route=\/wp\/v2\/posts"}],"about":[{"href":"https:\/\/www.turistamagazine.com\/v2\/index.php?rest_route=\/wp\/v2\/types\/post"}],"author":[{"embeddable":true,"href":"https:\/\/www.turistamagazine.com\/v2\/index.php?rest_route=\/wp\/v2\/users\/1"}],"replies":[{"embeddable":true,"href":"https:\/\/www.turistamagazine.com\/v2\/index.php?rest_route=%2Fwp%2Fv2%2Fcomments&post=10650"}],"version-history":[{"count":2,"href":"https:\/\/www.turistamagazine.com\/v2\/index.php?rest_route=\/wp\/v2\/posts\/10650\/revisions"}],"predecessor-version":[{"id":10653,"href":"https:\/\/www.turistamagazine.com\/v2\/index.php?rest_route=\/wp\/v2\/posts\/10650\/revisions\/10653"}],"wp:attachment":[{"href":"https:\/\/www.turistamagazine.com\/v2\/index.php?rest_route=%2Fwp%2Fv2%2Fmedia&parent=10650"}],"wp:term":[{"taxonomy":"category","embeddable":true,"href":"https:\/\/www.turistamagazine.com\/v2\/index.php?rest_route=%2Fwp%2Fv2%2Fcategories&post=10650"},{"taxonomy":"post_tag","embeddable":true,"href":"https:\/\/www.turistamagazine.com\/v2\/index.php?rest_route=%2Fwp%2Fv2%2Ftags&post=10650"}],"curies":[{"name":"wp","href":"https:\/\/api.w.org\/{rel}","templated":true}]}}