{"id":10607,"date":"2015-02-13T10:41:24","date_gmt":"2015-02-13T15:41:24","guid":{"rendered":"http:\/\/www.turistamagazine.com\/v2\/?p=10607"},"modified":"2015-02-13T10:44:31","modified_gmt":"2015-02-13T15:44:31","slug":"aerodromo-wanka-gobierno-regional-de-junin-anula-irregular-contrato","status":"publish","type":"post","link":"https:\/\/www.turistamagazine.com\/v2\/?p=10607","title":{"rendered":"AER\u00d3DROMO WANKA: GOBIERNO REGIONAL DE JUN\u00cdN ANULA IRREGULAR CONTRATO"},"content":{"rendered":"<p style=\"text-align: justify;\">(Lima, 12 de febrero de 2015) El Gerente Regional de Desarrollo Econ\u00f3mico del Gobierno Regional de Jun\u00edn, Jorge Tapia Avenda\u00f1o, mediante Oficio N\u00b0 015-2015-GRJ-GRDE, inform\u00f3 al despacho del congresista Jes\u00fas Hurtado Zamudio (FP) que \u201cEl Gobierno Regional de Jun\u00edn procedi\u00f3 con la anulaci\u00f3n del contrato -del Aer\u00f3dromo Wanka- mediante proyecto de resoluci\u00f3n que est\u00e1 en tr\u00e1mite\u201d. Asimismo, mediante Informe Legal\u00a0 N\u00b0 013-2015-GRJ\/ORAJ, de la Oficina de Regional de Asesor\u00eda Jur\u00eddica del Gobierno Regional de Jun\u00edn, se concluye que se declare la nulidad del contrato \u201cGran Aer\u00f3dromo Regional Wanka\u201d por no estar amparado en el art\u00edculo 9\u00b0 del Decreto Legislativo N\u00b0 1012, Ley que establece que se requerir\u00e1 informe favorable del Ministerio de Econom\u00eda y Finanzas.<\/p>\n<p style=\"text-align: justify;\">El mismo Informe Legal concluye tambi\u00e9n que se remitir\u00e1n las copias a la Comisi\u00f3n de Procedimientos Administrativos para apertura de procesos administrativos para los presuntos implicados.<\/p>\n<p style=\"text-align: justify;\">\u201cEl Aer\u00f3dromo Wanka fue un proyecto que naci\u00f3 muerto\u201d<\/p>\n<p style=\"text-align: justify;\">Al respecto, Hurtado Zamudio precis\u00f3: \u201cEl Aer\u00f3dromo Wanka fue un proyecto que naci\u00f3 muerto, desde un inicio fue inviable desde el punto de vista t\u00e9cnico y econ\u00f3mico; as\u00ed lo dieron a conocer oportunamente entidades como el Ministerio de Econom\u00eda y Finanzas (MEF), El Ministerio de Transportes y Comunicaciones (MTC), la Direcci\u00f3n General de Aeron\u00e1utica Civil (DGAC) y el propio Organismo Supervisor de la Inversi\u00f3n en Infraestructura de Transporte de Uso P\u00fablico (OSITRAN). Ahora, estamos asistiendo al fin de una campa\u00f1a medi\u00e1tica y pol\u00edtica donde se vendi\u00f3 humo, pues bien se sab\u00eda que dicho proyecto nunca ver\u00eda la luz por su inviabilidad\u201d.<\/p>\n<p>\u00a0 \u00a0 \u00a0 \u00a0 \u00a0 \u00a0 Ver documento del Gobierno Regional de Jun\u00edn que anuncia la anulaci\u00f3n del Contrato: <a href=\"https:\/\/es.scribd.com\/doc\/255483696\/Aerodromo-Wanka-GR-Junin-anula-contrato\">https:\/\/es.scribd.com\/doc\/255483696\/Aerodromo-Wanka-GR-Junin-anula-contrato<\/a>.<\/p>\n<p>F\/\u00a0Despacho del congresista Jes\u00fas Hurtado<\/p>\n","protected":false},"excerpt":{"rendered":"<p>(Lima, 12 de febrero de 2015) El Gerente Regional de Desarrollo Econ\u00f3mico del Gobierno Regional de Jun\u00edn, Jorge Tapia Avenda\u00f1o, mediante Oficio N\u00b0 015-2015-GRJ-GRDE, inform\u00f3 al despacho del congresista Jes\u00fas Hurtado Zamudio (FP) que \u201cEl Gobierno Regional de Jun\u00edn procedi\u00f3 con la anulaci\u00f3n del contrato -del Aer\u00f3dromo Wanka- mediante proyecto de resoluci\u00f3n que est\u00e1 en tr\u00e1mite\u201d. Asimismo, mediante Informe Legal\u00a0 N\u00b0 013-2015-GRJ\/ORAJ, de la Oficina de Regional de Asesor\u00eda Jur\u00eddica del Gobierno Regional de Jun\u00edn, se concluye que se declare la nulidad del contrato \u201cGran Aer\u00f3dromo Regional Wanka\u201d por no estar amparado en el art\u00edculo 9\u00b0 del Decreto Legislativo N\u00b0&#8230;<\/p>\n","protected":false},"author":1,"featured_media":0,"comment_status":"open","ping_status":"open","sticky":false,"template":"","format":"standard","meta":{"footnotes":""},"categories":[4,82],"tags":[3814],"class_list":["post-10607","post","type-post","status-publish","format-standard","hentry","category-breaking-news","category-nacionales","tag-el-aerodromo-wanka"],"_links":{"self":[{"href":"https:\/\/www.turistamagazine.com\/v2\/index.php?rest_route=\/wp\/v2\/posts\/10607","targetHints":{"allow":["GET"]}}],"collection":[{"href":"https:\/\/www.turistamagazine.com\/v2\/index.php?rest_route=\/wp\/v2\/posts"}],"about":[{"href":"https:\/\/www.turistamagazine.com\/v2\/index.php?rest_route=\/wp\/v2\/types\/post"}],"author":[{"embeddable":true,"href":"https:\/\/www.turistamagazine.com\/v2\/index.php?rest_route=\/wp\/v2\/users\/1"}],"replies":[{"embeddable":true,"href":"https:\/\/www.turistamagazine.com\/v2\/index.php?rest_route=%2Fwp%2Fv2%2Fcomments&post=10607"}],"version-history":[{"count":4,"href":"https:\/\/www.turistamagazine.com\/v2\/index.php?rest_route=\/wp\/v2\/posts\/10607\/revisions"}],"predecessor-version":[{"id":10616,"href":"https:\/\/www.turistamagazine.com\/v2\/index.php?rest_route=\/wp\/v2\/posts\/10607\/revisions\/10616"}],"wp:attachment":[{"href":"https:\/\/www.turistamagazine.com\/v2\/index.php?rest_route=%2Fwp%2Fv2%2Fmedia&parent=10607"}],"wp:term":[{"taxonomy":"category","embeddable":true,"href":"https:\/\/www.turistamagazine.com\/v2\/index.php?rest_route=%2Fwp%2Fv2%2Fcategories&post=10607"},{"taxonomy":"post_tag","embeddable":true,"href":"https:\/\/www.turistamagazine.com\/v2\/index.php?rest_route=%2Fwp%2Fv2%2Ftags&post=10607"}],"curies":[{"name":"wp","href":"https:\/\/api.w.org\/{rel}","templated":true}]}}