{"id":10544,"date":"2015-02-11T11:47:13","date_gmt":"2015-02-11T16:47:13","guid":{"rendered":"http:\/\/www.turistamagazine.com\/v2\/?p=10544"},"modified":"2015-02-11T11:47:13","modified_gmt":"2015-02-11T16:47:13","slug":"martin-perez-fue-elegido-presidente-de-la-confiep","status":"publish","type":"post","link":"https:\/\/www.turistamagazine.com\/v2\/?p=10544","title":{"rendered":"MART\u00cdN P\u00c9REZ FUE ELEGIDO PRESIDENTE DE LA CONFIEP"},"content":{"rendered":"<p style=\"text-align: justify;\">Mi\u00e9rcoles, 11 de Febrero 2015 .- El exministro y excongresista se convierte en el d\u00e9cimo noveno presidente de la Confiep para el per\u00edodo 2015-2017. El Consejo Directivo de la Confederaci\u00f3n Nacional de Instituciones Empresariales Privadas (Confiep) eligi\u00f3 a Mart\u00edn P\u00e9rez Monteverde como presidente de la instituci\u00f3n para el per\u00edodo 2015-2017, sucediendo en el cargo a Alfonso Garc\u00eda Mir\u00f3.<\/p>\n<p style=\"text-align: justify;\">P\u00e9rez Monteverde, que se convierte en el d\u00e9cimo noveno presidente de la Confiep, tiene m\u00e1s de 20 a\u00f1os de trayectoria empresarial y es presidente de la Asociaci\u00f3n Peruana de Entidades Prestadoras de Salud (APEPS) y del Instituto Peruano de Econom\u00eda (IPE).<\/p>\n<p style=\"text-align: justify;\">Tambi\u00e9n es director de la Asociaci\u00f3n InPer\u00fa y de ComexPer\u00fa, entre otras organizaciones, adem\u00e1s cuenta con importante experiencia en el sector p\u00fablico, donde ejerci\u00f3 como congresista de la Rep\u00fablica y ministro de Comercio Exterior y Turismo.<\/p>\n<p style=\"text-align: justify;\">\u00a0Lo acompa\u00f1an en el Comit\u00e9 Ejecutivo como vicepresidentes Oscar Rivera, presidente de la Asociaci\u00f3n de Bancos (Asbanc), y Lelio Balarezo, titular de la C\u00e1mara Peruana de la Construcci\u00f3n (Capeco). Elena Conterno, presidenta de Sociedad Nacional de Pesquer\u00eda (SNP) ser\u00e1 la Tesorera y Carlos Galvez, presidente de la Sociedad Nacional de Miner\u00eda Petr\u00f3leo y Energ\u00eda (SNMPE), el Pro Tesorero.<\/p>\n<p style=\"text-align: justify;\">Como vocales fueron designados Jos\u00e9 Vera (APA), Guillermo Ferreryros (ComexPer\u00fa), Edwin Derteano (AAP), Jos\u00e9 Altamirano (Fedecam Sur), Esteban Chong (IPAI), Gonzalo Prial\u00e9 (AFIN) y Alfonso Garcia Mir\u00f3 como Past President (per\u00edodo 2013 &#8211; 2015).<\/p>\n<p style=\"text-align: justify;\">La ceremonia de transferencia del cargo de presidente de la Confiep se realizar\u00e1 el pr\u00f3ximo 24 de marzo.<\/p>\n<p style=\"text-align: justify;\"><span style=\"color: #000080;\"><strong><em>En turismo lo recordamos por su excelente actuaci\u00f3n cuando fue ministro de Comercio Exterior y Turismo.<\/em><\/strong><\/span><\/p>\n<p style=\"text-align: justify;\">F\/ Andina<\/p>\n","protected":false},"excerpt":{"rendered":"<p>Mi\u00e9rcoles, 11 de Febrero 2015 .- El exministro y excongresista se convierte en el d\u00e9cimo noveno presidente de la Confiep para el per\u00edodo 2015-2017. El Consejo Directivo de la Confederaci\u00f3n Nacional de Instituciones Empresariales Privadas (Confiep) eligi\u00f3 a Mart\u00edn P\u00e9rez Monteverde como presidente de la instituci\u00f3n para el per\u00edodo 2015-2017, sucediendo en el cargo a Alfonso Garc\u00eda Mir\u00f3. P\u00e9rez Monteverde, que se convierte en el d\u00e9cimo noveno presidente de la Confiep, tiene m\u00e1s de 20 a\u00f1os de trayectoria empresarial y es presidente de la Asociaci\u00f3n Peruana de Entidades Prestadoras de Salud (APEPS) y del Instituto Peruano de Econom\u00eda (IPE). Tambi\u00e9n&#8230;<\/p>\n","protected":false},"author":1,"featured_media":0,"comment_status":"open","ping_status":"open","sticky":false,"template":"","format":"standard","meta":{"footnotes":""},"categories":[4,82],"tags":[3797,3796],"class_list":["post-10544","post","type-post","status-publish","format-standard","hentry","category-breaking-news","category-nacionales","tag-confiep","tag-martin-perez-monteverde"],"_links":{"self":[{"href":"https:\/\/www.turistamagazine.com\/v2\/index.php?rest_route=\/wp\/v2\/posts\/10544","targetHints":{"allow":["GET"]}}],"collection":[{"href":"https:\/\/www.turistamagazine.com\/v2\/index.php?rest_route=\/wp\/v2\/posts"}],"about":[{"href":"https:\/\/www.turistamagazine.com\/v2\/index.php?rest_route=\/wp\/v2\/types\/post"}],"author":[{"embeddable":true,"href":"https:\/\/www.turistamagazine.com\/v2\/index.php?rest_route=\/wp\/v2\/users\/1"}],"replies":[{"embeddable":true,"href":"https:\/\/www.turistamagazine.com\/v2\/index.php?rest_route=%2Fwp%2Fv2%2Fcomments&post=10544"}],"version-history":[{"count":2,"href":"https:\/\/www.turistamagazine.com\/v2\/index.php?rest_route=\/wp\/v2\/posts\/10544\/revisions"}],"predecessor-version":[{"id":10547,"href":"https:\/\/www.turistamagazine.com\/v2\/index.php?rest_route=\/wp\/v2\/posts\/10544\/revisions\/10547"}],"wp:attachment":[{"href":"https:\/\/www.turistamagazine.com\/v2\/index.php?rest_route=%2Fwp%2Fv2%2Fmedia&parent=10544"}],"wp:term":[{"taxonomy":"category","embeddable":true,"href":"https:\/\/www.turistamagazine.com\/v2\/index.php?rest_route=%2Fwp%2Fv2%2Fcategories&post=10544"},{"taxonomy":"post_tag","embeddable":true,"href":"https:\/\/www.turistamagazine.com\/v2\/index.php?rest_route=%2Fwp%2Fv2%2Ftags&post=10544"}],"curies":[{"name":"wp","href":"https:\/\/api.w.org\/{rel}","templated":true}]}}